{"id":13515,"date":"2022-10-28T09:48:30","date_gmt":"2022-10-28T09:48:30","guid":{"rendered":"https:\/\/fivclinic.es\/?p=4517"},"modified":"2025-04-02T10:33:26","modified_gmt":"2025-04-02T10:33:26","slug":"beca-fundacio-dexeus-mujer-per-a-yasmina-barral","status":"publish","type":"post","link":"https:\/\/fivclinic.es\/ca\/beca-fundacio-dexeus-mujer-per-a-yasmina-barral\/","title":{"rendered":"XVII Beca de la Fundaci\u00f3 Dexeus Mujer, per a Yasmina Barral"},"content":{"rendered":"\r\n<h4 class=\"wp-block-heading\"><strong>Yasmina Barral, especialista en reproducci\u00f3 assistida de FIVcl\u00ednic, rep la beca nacional que la Fundaci\u00f3 Dexeus Mujer atorga anualment perqu\u00e8 finalitzi el seu projecte de recerca cl\u00ednica sobre l&#8217;impacte de l&#8217;estimulaci\u00f3 ov\u00e0rica al teixit tumoral mamari.<\/strong><\/h4>\r\n\r\n\r\n\r\n<p>&#8220;L&#8217;estudi el realitzem sobre pacients que han estat diagnosticades recentment de c\u00e0ncer de mama i se sotmeten a una estimulaci\u00f3 hormonal ov\u00e0rica per vitrificar ov\u00f2cits abans de rebre el tractament de quimioter\u00e0pia, que afecta negativament la reserva ov\u00e0rica&#8221;, explica Barral. &#8220;Com que el c\u00e0ncer de mama \u00e9s un tumor hormonodependent, volem estudiar si es produeixen canvis histol\u00f2gics o gen\u00e8tics sobre el teixit tumoral mamari despr\u00e9s de l&#8217;estimulaci\u00f3 hormonal&#8221;.<\/p>\r\n\r\n\r\n\r\n<figure class=\"wp-block-image size-large\"><img decoding=\"async\" class=\"wp-image-4525\" src=\"https:\/\/fivclinic.es\/wp-content\/uploads\/2022\/10\/Yasmina2-768x1024.jpeg\" alt=\"\" \/>\r\n<figcaption>Yasmina Barral, presentant la recerca cl\u00ednica qu\u00e8 ha estat becada.<\/figcaption>\r\n<\/figure>\r\n\r\n\r\n\r\n<h4 class=\"wp-block-heading\"><strong>Beca a la Recerca Cl\u00ednica<\/strong><\/h4>\r\n\r\n\r\n\r\n<p>Les <a href=\"https:\/\/www.dexeuscampus.com\/conocenos\/fundacion\/beca-nacional-para-la-investigacion-clinica\/\">beques de la Fundaci\u00f3 Dexeus<\/a> van dirigides a investigadors joves, llicenciats i titulats superiors en ci\u00e8ncies biom\u00e8diques, perqu\u00e8 financin la realitzaci\u00f3 dels seus projectes de recerca a l&#8217;\u00e0mbit de l&#8217;Obstetr\u00edcia i la Ginecologia. La Beca de Recerca Cl\u00ednica s&#8217;emmarca en un \u00e0mbit concret relacionat amb la Salut de la Dona.<\/p>\r\n\r\n\r\n\r\n<h4 class=\"wp-block-heading\"><strong>En el marc del 45\u00e8 Dexeus Forum<\/strong><\/h4>\r\n\r\n\r\n\r\n<p>La cerim\u00f2nia de lliurament del Premi i la Beca de la Fundaci\u00f3 Dexeus Dona es va celebrar el passat 21 d&#8217;octubre, en el marc del 45 \u201cInternational ART towards the future\u201d Dexeus Forum. A les jornades van assistir prop de 600 experts en reproducci\u00f3 assistida. Entre els quals, l\u00edders d&#8217;opini\u00f3 internacional del camp, que van parlar dels aven\u00e7os en medicina reproductiva: noves formes d&#8217;estimulaci\u00f3, increment de la reserva ov\u00e0rica i rejoveniment. El Premi se&#8217;l va emportar la Dra Anna Veiga, que va parlar sobre el passat, el present i el futur dels Tractaments de Reproducci\u00f3 Assistida.<\/p>\r\n","protected":false},"excerpt":{"rendered":"<p>Yasmina Barral, especialista en reproducci\u00f3 assistida de FIVcl\u00ednic, rep la beca nacional que la Fundaci\u00f3 Dexeus Mujer atorga anualment perqu\u00e8 finalitzi el seu projecte de recerca cl\u00ednica sobre l&#8217;impacte de l&#8217;estimulaci\u00f3 ov\u00e0rica al teixit tumoral mamari.<\/p>\n","protected":false},"author":3,"featured_media":14593,"comment_status":"closed","ping_status":"open","sticky":false,"template":"","format":"standard","meta":{"_acf_changed":false,"footnotes":""},"categories":[362],"tags":[],"autores":[],"tipo_de_blog":[363],"class_list":["post-13515","post","type-post","status-publish","format-standard","has-post-thumbnail","hentry","category-actualitat-ca","tipo_de_blog-noticies","entry"],"acf":[],"yoast_head":"<!-- This site is optimized with the Yoast SEO plugin v27.4 - https:\/\/yoast.com\/product\/yoast-seo-wordpress\/ -->\n<title>XVII Beca de la Fundaci\u00f3 Dexeus Mujer, per a Yasmina Barral - fivcl\u00ednic | barnacl\u00ednic+<\/title>\n<meta name=\"description\" content=\"Yasmina Barral, de FIVclinic, rep la Beca Dexeus Mujer per la recerca sobre l&#039;impacte de l&#039;estimulaci\u00f3 ov\u00e0rica en el teixit tumoral mamari.\" \/>\n<meta name=\"robots\" content=\"index, follow, max-snippet:-1, max-image-preview:large, max-video-preview:-1\" \/>\n<link rel=\"canonical\" href=\"https:\/\/fivclinic.es\/ca\/beca-fundacio-dexeus-mujer-per-a-yasmina-barral\/\" \/>\n<meta property=\"og:locale\" content=\"ca_ES\" \/>\n<meta property=\"og:type\" content=\"article\" \/>\n<meta property=\"og:title\" content=\"XVII Beca de la Fundaci\u00f3 Dexeus Mujer, per a Yasmina Barral - fivcl\u00ednic | barnacl\u00ednic+\" \/>\n<meta property=\"og:description\" content=\"Yasmina Barral, de FIVclinic, rep la Beca Dexeus Mujer per la recerca sobre l&#039;impacte de l&#039;estimulaci\u00f3 ov\u00e0rica en el teixit tumoral mamari.\" \/>\n<meta property=\"og:url\" content=\"https:\/\/fivclinic.es\/ca\/beca-fundacio-dexeus-mujer-per-a-yasmina-barral\/\" \/>\n<meta property=\"og:site_name\" content=\"fivcl\u00ednic | barnacl\u00ednic+\" \/>\n<meta property=\"article:published_time\" content=\"2022-10-28T09:48:30+00:00\" \/>\n<meta property=\"article:modified_time\" content=\"2025-04-02T10:33:26+00:00\" \/>\n<meta property=\"og:image\" content=\"https:\/\/fivclinic.es\/wp-content\/uploads\/2024\/08\/Yasmina-Barral-Dexeus-Mujer.jpg\" \/>\n\t<meta property=\"og:image:width\" content=\"1536\" \/>\n\t<meta property=\"og:image:height\" content=\"864\" \/>\n\t<meta property=\"og:image:type\" content=\"image\/jpeg\" \/>\n<meta name=\"author\" content=\"lai.amoros\" \/>\n<meta name=\"twitter:card\" content=\"summary_large_image\" \/>\n<meta name=\"twitter:label1\" content=\"Escrit per\" \/>\n\t<meta name=\"twitter:data1\" content=\"lai.amoros\" \/>\n\t<meta name=\"twitter:label2\" content=\"Temps estimat de lectura\" \/>\n\t<meta name=\"twitter:data2\" content=\"2 minuts\" \/>\n<script type=\"application\/ld+json\" class=\"yoast-schema-graph\">{\"@context\":\"https:\\\/\\\/schema.org\",\"@graph\":[{\"@type\":\"Article\",\"@id\":\"https:\\\/\\\/fivclinic.es\\\/ca\\\/beca-fundacio-dexeus-mujer-per-a-yasmina-barral\\\/#article\",\"isPartOf\":{\"@id\":\"https:\\\/\\\/fivclinic.es\\\/ca\\\/beca-fundacio-dexeus-mujer-per-a-yasmina-barral\\\/\"},\"author\":{\"name\":\"lai.amoros\",\"@id\":\"https:\\\/\\\/fivclinic.es\\\/ca\\\/#\\\/schema\\\/person\\\/2eb955a187e138d5f5c87cca23469c77\"},\"headline\":\"XVII Beca de la Fundaci\u00f3 Dexeus Mujer, per a Yasmina Barral\",\"datePublished\":\"2022-10-28T09:48:30+00:00\",\"dateModified\":\"2025-04-02T10:33:26+00:00\",\"mainEntityOfPage\":{\"@id\":\"https:\\\/\\\/fivclinic.es\\\/ca\\\/beca-fundacio-dexeus-mujer-per-a-yasmina-barral\\\/\"},\"wordCount\":303,\"publisher\":{\"@id\":\"https:\\\/\\\/fivclinic.es\\\/ca\\\/#organization\"},\"image\":{\"@id\":\"https:\\\/\\\/fivclinic.es\\\/ca\\\/beca-fundacio-dexeus-mujer-per-a-yasmina-barral\\\/#primaryimage\"},\"thumbnailUrl\":\"https:\\\/\\\/fivclinic.es\\\/wp-content\\\/uploads\\\/2024\\\/08\\\/Yasmina-Barral-Dexeus-Mujer.jpg\",\"articleSection\":[\"Actualitat\"],\"inLanguage\":\"ca\"},{\"@type\":\"WebPage\",\"@id\":\"https:\\\/\\\/fivclinic.es\\\/ca\\\/beca-fundacio-dexeus-mujer-per-a-yasmina-barral\\\/\",\"url\":\"https:\\\/\\\/fivclinic.es\\\/ca\\\/beca-fundacio-dexeus-mujer-per-a-yasmina-barral\\\/\",\"name\":\"XVII Beca de la Fundaci\u00f3 Dexeus Mujer, per a Yasmina Barral - fivcl\u00ednic | barnacl\u00ednic+\",\"isPartOf\":{\"@id\":\"https:\\\/\\\/fivclinic.es\\\/ca\\\/#website\"},\"primaryImageOfPage\":{\"@id\":\"https:\\\/\\\/fivclinic.es\\\/ca\\\/beca-fundacio-dexeus-mujer-per-a-yasmina-barral\\\/#primaryimage\"},\"image\":{\"@id\":\"https:\\\/\\\/fivclinic.es\\\/ca\\\/beca-fundacio-dexeus-mujer-per-a-yasmina-barral\\\/#primaryimage\"},\"thumbnailUrl\":\"https:\\\/\\\/fivclinic.es\\\/wp-content\\\/uploads\\\/2024\\\/08\\\/Yasmina-Barral-Dexeus-Mujer.jpg\",\"datePublished\":\"2022-10-28T09:48:30+00:00\",\"dateModified\":\"2025-04-02T10:33:26+00:00\",\"description\":\"Yasmina Barral, de FIVclinic, rep la Beca Dexeus Mujer per la recerca sobre l'impacte de l'estimulaci\u00f3 ov\u00e0rica en el teixit tumoral mamari.\",\"breadcrumb\":{\"@id\":\"https:\\\/\\\/fivclinic.es\\\/ca\\\/beca-fundacio-dexeus-mujer-per-a-yasmina-barral\\\/#breadcrumb\"},\"inLanguage\":\"ca\",\"potentialAction\":[{\"@type\":\"ReadAction\",\"target\":[\"https:\\\/\\\/fivclinic.es\\\/ca\\\/beca-fundacio-dexeus-mujer-per-a-yasmina-barral\\\/\"]}]},{\"@type\":\"ImageObject\",\"inLanguage\":\"ca\",\"@id\":\"https:\\\/\\\/fivclinic.es\\\/ca\\\/beca-fundacio-dexeus-mujer-per-a-yasmina-barral\\\/#primaryimage\",\"url\":\"https:\\\/\\\/fivclinic.es\\\/wp-content\\\/uploads\\\/2024\\\/08\\\/Yasmina-Barral-Dexeus-Mujer.jpg\",\"contentUrl\":\"https:\\\/\\\/fivclinic.es\\\/wp-content\\\/uploads\\\/2024\\\/08\\\/Yasmina-Barral-Dexeus-Mujer.jpg\",\"width\":1536,\"height\":864,\"caption\":\"Yasmina Barral Dexeus Mujer\"},{\"@type\":\"BreadcrumbList\",\"@id\":\"https:\\\/\\\/fivclinic.es\\\/ca\\\/beca-fundacio-dexeus-mujer-per-a-yasmina-barral\\\/#breadcrumb\",\"itemListElement\":[{\"@type\":\"ListItem\",\"position\":1,\"name\":\"Portada\",\"item\":\"https:\\\/\\\/fivclinic.es\\\/ca\\\/\"},{\"@type\":\"ListItem\",\"position\":2,\"name\":\"XVII Beca de la Fundaci\u00f3 Dexeus Mujer, per a Yasmina Barral\"}]},{\"@type\":\"WebSite\",\"@id\":\"https:\\\/\\\/fivclinic.es\\\/ca\\\/#website\",\"url\":\"https:\\\/\\\/fivclinic.es\\\/ca\\\/\",\"name\":\"Oftalmol\u00f3gica | Barnacl\u00ednic\",\"description\":\"FIVcl\u00ednic, la Cl\u00ednica de Reproducci\u00f3n Asistida del Cl\u00ednic Barcelona y barnacl\u00ednic+. Los mejores tratamientos en Fecundaci\u00f3n in Vitro, en el centro de Barcelona.\",\"publisher\":{\"@id\":\"https:\\\/\\\/fivclinic.es\\\/ca\\\/#organization\"},\"potentialAction\":[{\"@type\":\"SearchAction\",\"target\":{\"@type\":\"EntryPoint\",\"urlTemplate\":\"https:\\\/\\\/fivclinic.es\\\/ca\\\/?s={search_term_string}\"},\"query-input\":{\"@type\":\"PropertyValueSpecification\",\"valueRequired\":true,\"valueName\":\"search_term_string\"}}],\"inLanguage\":\"ca\"},{\"@type\":\"Organization\",\"@id\":\"https:\\\/\\\/fivclinic.es\\\/ca\\\/#organization\",\"name\":\"Oftalmol\u00f3gica | Barnacl\u00ednic\",\"url\":\"https:\\\/\\\/fivclinic.es\\\/ca\\\/\",\"logo\":{\"@type\":\"ImageObject\",\"inLanguage\":\"ca\",\"@id\":\"https:\\\/\\\/fivclinic.es\\\/ca\\\/#\\\/schema\\\/logo\\\/image\\\/\",\"url\":\"https:\\\/\\\/odontologiabarnaclinic.clinic.antaviana.net\\\/wp-content\\\/uploads\\\/2024\\\/02\\\/logo-oftalmologia-clinic.png\",\"contentUrl\":\"https:\\\/\\\/odontologiabarnaclinic.clinic.antaviana.net\\\/wp-content\\\/uploads\\\/2024\\\/02\\\/logo-oftalmologia-clinic.png\",\"width\":169,\"height\":38,\"caption\":\"Oftalmol\u00f3gica | Barnacl\u00ednic\"},\"image\":{\"@id\":\"https:\\\/\\\/fivclinic.es\\\/ca\\\/#\\\/schema\\\/logo\\\/image\\\/\"}},{\"@type\":\"Person\",\"@id\":\"https:\\\/\\\/fivclinic.es\\\/ca\\\/#\\\/schema\\\/person\\\/2eb955a187e138d5f5c87cca23469c77\",\"name\":\"lai.amoros\",\"sameAs\":[\"http:\\\/\\\/antaviana\"],\"url\":\"https:\\\/\\\/fivclinic.es\\\/ca\\\/author\\\/lai-amoros\\\/\"}]}<\/script>\n<!-- \/ Yoast SEO plugin. -->","yoast_head_json":{"title":"XVII Beca de la Fundaci\u00f3 Dexeus Mujer, per a Yasmina Barral - fivcl\u00ednic | barnacl\u00ednic+","description":"Yasmina Barral, de FIVclinic, rep la Beca Dexeus Mujer per la recerca sobre l'impacte de l'estimulaci\u00f3 ov\u00e0rica en el teixit tumoral mamari.","robots":{"index":"index","follow":"follow","max-snippet":"max-snippet:-1","max-image-preview":"max-image-preview:large","max-video-preview":"max-video-preview:-1"},"canonical":"https:\/\/fivclinic.es\/ca\/beca-fundacio-dexeus-mujer-per-a-yasmina-barral\/","og_locale":"ca_ES","og_type":"article","og_title":"XVII Beca de la Fundaci\u00f3 Dexeus Mujer, per a Yasmina Barral - fivcl\u00ednic | barnacl\u00ednic+","og_description":"Yasmina Barral, de FIVclinic, rep la Beca Dexeus Mujer per la recerca sobre l'impacte de l'estimulaci\u00f3 ov\u00e0rica en el teixit tumoral mamari.","og_url":"https:\/\/fivclinic.es\/ca\/beca-fundacio-dexeus-mujer-per-a-yasmina-barral\/","og_site_name":"fivcl\u00ednic | barnacl\u00ednic+","article_published_time":"2022-10-28T09:48:30+00:00","article_modified_time":"2025-04-02T10:33:26+00:00","og_image":[{"width":1536,"height":864,"url":"https:\/\/fivclinic.es\/wp-content\/uploads\/2024\/08\/Yasmina-Barral-Dexeus-Mujer.jpg","type":"image\/jpeg"}],"author":"lai.amoros","twitter_card":"summary_large_image","twitter_misc":{"Escrit per":"lai.amoros","Temps estimat de lectura":"2 minuts"},"schema":{"@context":"https:\/\/schema.org","@graph":[{"@type":"Article","@id":"https:\/\/fivclinic.es\/ca\/beca-fundacio-dexeus-mujer-per-a-yasmina-barral\/#article","isPartOf":{"@id":"https:\/\/fivclinic.es\/ca\/beca-fundacio-dexeus-mujer-per-a-yasmina-barral\/"},"author":{"name":"lai.amoros","@id":"https:\/\/fivclinic.es\/ca\/#\/schema\/person\/2eb955a187e138d5f5c87cca23469c77"},"headline":"XVII Beca de la Fundaci\u00f3 Dexeus Mujer, per a Yasmina Barral","datePublished":"2022-10-28T09:48:30+00:00","dateModified":"2025-04-02T10:33:26+00:00","mainEntityOfPage":{"@id":"https:\/\/fivclinic.es\/ca\/beca-fundacio-dexeus-mujer-per-a-yasmina-barral\/"},"wordCount":303,"publisher":{"@id":"https:\/\/fivclinic.es\/ca\/#organization"},"image":{"@id":"https:\/\/fivclinic.es\/ca\/beca-fundacio-dexeus-mujer-per-a-yasmina-barral\/#primaryimage"},"thumbnailUrl":"https:\/\/fivclinic.es\/wp-content\/uploads\/2024\/08\/Yasmina-Barral-Dexeus-Mujer.jpg","articleSection":["Actualitat"],"inLanguage":"ca"},{"@type":"WebPage","@id":"https:\/\/fivclinic.es\/ca\/beca-fundacio-dexeus-mujer-per-a-yasmina-barral\/","url":"https:\/\/fivclinic.es\/ca\/beca-fundacio-dexeus-mujer-per-a-yasmina-barral\/","name":"XVII Beca de la Fundaci\u00f3 Dexeus Mujer, per a Yasmina Barral - fivcl\u00ednic | barnacl\u00ednic+","isPartOf":{"@id":"https:\/\/fivclinic.es\/ca\/#website"},"primaryImageOfPage":{"@id":"https:\/\/fivclinic.es\/ca\/beca-fundacio-dexeus-mujer-per-a-yasmina-barral\/#primaryimage"},"image":{"@id":"https:\/\/fivclinic.es\/ca\/beca-fundacio-dexeus-mujer-per-a-yasmina-barral\/#primaryimage"},"thumbnailUrl":"https:\/\/fivclinic.es\/wp-content\/uploads\/2024\/08\/Yasmina-Barral-Dexeus-Mujer.jpg","datePublished":"2022-10-28T09:48:30+00:00","dateModified":"2025-04-02T10:33:26+00:00","description":"Yasmina Barral, de FIVclinic, rep la Beca Dexeus Mujer per la recerca sobre l'impacte de l'estimulaci\u00f3 ov\u00e0rica en el teixit tumoral mamari.","breadcrumb":{"@id":"https:\/\/fivclinic.es\/ca\/beca-fundacio-dexeus-mujer-per-a-yasmina-barral\/#breadcrumb"},"inLanguage":"ca","potentialAction":[{"@type":"ReadAction","target":["https:\/\/fivclinic.es\/ca\/beca-fundacio-dexeus-mujer-per-a-yasmina-barral\/"]}]},{"@type":"ImageObject","inLanguage":"ca","@id":"https:\/\/fivclinic.es\/ca\/beca-fundacio-dexeus-mujer-per-a-yasmina-barral\/#primaryimage","url":"https:\/\/fivclinic.es\/wp-content\/uploads\/2024\/08\/Yasmina-Barral-Dexeus-Mujer.jpg","contentUrl":"https:\/\/fivclinic.es\/wp-content\/uploads\/2024\/08\/Yasmina-Barral-Dexeus-Mujer.jpg","width":1536,"height":864,"caption":"Yasmina Barral Dexeus Mujer"},{"@type":"BreadcrumbList","@id":"https:\/\/fivclinic.es\/ca\/beca-fundacio-dexeus-mujer-per-a-yasmina-barral\/#breadcrumb","itemListElement":[{"@type":"ListItem","position":1,"name":"Portada","item":"https:\/\/fivclinic.es\/ca\/"},{"@type":"ListItem","position":2,"name":"XVII Beca de la Fundaci\u00f3 Dexeus Mujer, per a Yasmina Barral"}]},{"@type":"WebSite","@id":"https:\/\/fivclinic.es\/ca\/#website","url":"https:\/\/fivclinic.es\/ca\/","name":"Oftalmol\u00f3gica | Barnacl\u00ednic","description":"FIVcl\u00ednic, la Cl\u00ednica de Reproducci\u00f3n Asistida del Cl\u00ednic Barcelona y barnacl\u00ednic+. Los mejores tratamientos en Fecundaci\u00f3n in Vitro, en el centro de Barcelona.","publisher":{"@id":"https:\/\/fivclinic.es\/ca\/#organization"},"potentialAction":[{"@type":"SearchAction","target":{"@type":"EntryPoint","urlTemplate":"https:\/\/fivclinic.es\/ca\/?s={search_term_string}"},"query-input":{"@type":"PropertyValueSpecification","valueRequired":true,"valueName":"search_term_string"}}],"inLanguage":"ca"},{"@type":"Organization","@id":"https:\/\/fivclinic.es\/ca\/#organization","name":"Oftalmol\u00f3gica | Barnacl\u00ednic","url":"https:\/\/fivclinic.es\/ca\/","logo":{"@type":"ImageObject","inLanguage":"ca","@id":"https:\/\/fivclinic.es\/ca\/#\/schema\/logo\/image\/","url":"https:\/\/odontologiabarnaclinic.clinic.antaviana.net\/wp-content\/uploads\/2024\/02\/logo-oftalmologia-clinic.png","contentUrl":"https:\/\/odontologiabarnaclinic.clinic.antaviana.net\/wp-content\/uploads\/2024\/02\/logo-oftalmologia-clinic.png","width":169,"height":38,"caption":"Oftalmol\u00f3gica | Barnacl\u00ednic"},"image":{"@id":"https:\/\/fivclinic.es\/ca\/#\/schema\/logo\/image\/"}},{"@type":"Person","@id":"https:\/\/fivclinic.es\/ca\/#\/schema\/person\/2eb955a187e138d5f5c87cca23469c77","name":"lai.amoros","sameAs":["http:\/\/antaviana"],"url":"https:\/\/fivclinic.es\/ca\/author\/lai-amoros\/"}]}},"_links":{"self":[{"href":"https:\/\/fivclinic.es\/ca\/wp-json\/wp\/v2\/posts\/13515","targetHints":{"allow":["GET"]}}],"collection":[{"href":"https:\/\/fivclinic.es\/ca\/wp-json\/wp\/v2\/posts"}],"about":[{"href":"https:\/\/fivclinic.es\/ca\/wp-json\/wp\/v2\/types\/post"}],"author":[{"embeddable":true,"href":"https:\/\/fivclinic.es\/ca\/wp-json\/wp\/v2\/users\/3"}],"replies":[{"embeddable":true,"href":"https:\/\/fivclinic.es\/ca\/wp-json\/wp\/v2\/comments?post=13515"}],"version-history":[{"count":3,"href":"https:\/\/fivclinic.es\/ca\/wp-json\/wp\/v2\/posts\/13515\/revisions"}],"predecessor-version":[{"id":15623,"href":"https:\/\/fivclinic.es\/ca\/wp-json\/wp\/v2\/posts\/13515\/revisions\/15623"}],"wp:featuredmedia":[{"embeddable":true,"href":"https:\/\/fivclinic.es\/ca\/wp-json\/wp\/v2\/media\/14593"}],"wp:attachment":[{"href":"https:\/\/fivclinic.es\/ca\/wp-json\/wp\/v2\/media?parent=13515"}],"wp:term":[{"taxonomy":"category","embeddable":true,"href":"https:\/\/fivclinic.es\/ca\/wp-json\/wp\/v2\/categories?post=13515"},{"taxonomy":"post_tag","embeddable":true,"href":"https:\/\/fivclinic.es\/ca\/wp-json\/wp\/v2\/tags?post=13515"},{"taxonomy":"autores","embeddable":true,"href":"https:\/\/fivclinic.es\/ca\/wp-json\/wp\/v2\/autores?post=13515"},{"taxonomy":"tipo_de_blog","embeddable":true,"href":"https:\/\/fivclinic.es\/ca\/wp-json\/wp\/v2\/tipo_de_blog?post=13515"}],"curies":[{"name":"wp","href":"https:\/\/api.w.org\/{rel}","templated":true}]}}