{"id":13521,"date":"2023-06-14T17:48:05","date_gmt":"2023-06-14T17:48:05","guid":{"rendered":"https:\/\/fivclinic.es\/?p=4695"},"modified":"2025-04-02T10:19:56","modified_gmt":"2025-04-02T10:19:56","slug":"nado-primera-dona-amb-trasplantament-uter-espanya","status":"publish","type":"post","link":"https:\/\/fivclinic.es\/ca\/nado-primera-dona-amb-trasplantament-uter-espanya\/","title":{"rendered":"Neix el nad\u00f3 de la primera dona trasplantada d\u2019\u00fater a Espanya"},"content":{"rendered":"\r\n<h4 class=\"wp-block-heading\"><strong>Neix a Hospital Cl\u00ednic el nad\u00f3 de la primera dona trasplantada d&#8217;\u00fater a Espanya. El projecte l&#8217;han liderat els equips de Ginecologia, Reproducci\u00f3 Assistida, Obstetricia i Trasplantament Renal, amb la participaci\u00f3 de FIVcl\u00ednic. Un \u00e8xit que posiciona l\u2019hospital com a referent en ginecologia i reproducci\u00f3<\/strong>.<\/h4>\r\n\r\n\r\n\r\n<h4 class=\"wp-block-heading\"><strong>Primer trasplantament d&#8217;\u00fater a Espanya <\/strong><\/h4>\r\n\r\n\r\n\r\n<p>El 5 d\u2019octubre de 2020 es va realitzar al Cl\u00ednic el\u00a0<a href=\"https:\/\/www.clinicbarcelona.org\/ca\/noticies\/lhospital-clinic-fa-el-primer-trasplantament-duter-a-espanya\">primer trasplantament d\u2019\u00fater d\u2019Espanya.<\/a>\u00a0La intervenci\u00f3 la van liderar el\u00a0<strong>Dr. Francisco Carmona<\/strong>, cap de Servei de Ginecologia i el\u00a0<strong>Dr. Antonio Alcaraz<\/strong>, cap de Servei d&#8217;Urologia i Trasplantament Renal. Aquest proc\u00e9s, que es va iniciar el 2016, es va emmarcar en el projecte d&#8217;investigaci\u00f3 &#8220;Estudi de factibilitat de procediment de trasplantament uter\u00ed de donant viu amb obtenci\u00f3 d&#8217;empelt per cirurgia rob\u00f2tica&#8221; amb l&#8217;objectiu de validar la viabilitat d&#8217;aquesta cirurgia.<\/p>\r\n\r\n\r\n\r\n<p>La\u00a0<strong>Tamara Franco<\/strong>, de 34 anys, t\u00e9 s\u00edndrome de Rokitansky, un trastorn cong\u00e8nit de l&#8217;aparell reproductor femen\u00ed que afecta 1 de cada 5.000 dones al m\u00f3n. Aquestes dones ja neixen sense \u00fater i sense trompes de Fal\u00b7lopi, per tant, no es poden quedar embarassades.<\/p>\r\n\r\n\r\n\r\n<h4 class=\"wp-block-heading\"><strong>La transfer\u00e8ncia d&#8217;embrions <\/strong><\/h4>\r\n\r\n\r\n\r\n<p>Des de ben petita, la Tamara volia ser mare i era \u201cla seva gran il\u00b7lusi\u00f3\u201d. El trasplantament li va permetre fer-la realitat. La cirurgia va durar prop de 20 hores i va ser un \u00e8xit.\u00a0Dos mesos despr\u00e9s de la cirurgia, li va venir la regla per primera vegada i la seva recuperaci\u00f3 va ser normal i, com qualsevol persona amb un \u00f2rgan trasplantat, amb un tractament d&#8217;immunosupressors.\u00a0Sis mesos despr\u00e9s, l\u2019equip de FIVcl\u00ednic va fer-li la primera transfer\u00e8ncia embrion\u00e0ria. Va ser en el segon intent que la Tamara es va quedar embarassada del Jes\u00fas.<\/p>\r\n\r\n\r\n\r\n<h4 class=\"wp-block-heading\"><strong>Embar\u00e0s d&#8217;alt risc amb final feli\u00e7 <\/strong><\/h4>\r\n\r\n\r\n\r\n<p>L\u2019embar\u00e0s es va seguir per un equip multidisciplinari de ginecologia i medicina maternofetal, liderat per Francesc Figueras, Cap de Servei de Medicina Maternofetal. Tot i les complicacions, i mantenint la m\u00e0xima seguretat per la pacient i el fetus, es va decidir programar una ces\u00e0ria convencional a la setmana 30 de gestaci\u00f3. La ces\u00e0ria es va realitzar sense cap complicaci\u00f3 i el nad\u00f3, en Jes\u00fas, va n\u00e9ixer amb un pes de 1.125 grams i amb la maduraci\u00f3 pulmonar i la protecci\u00f3 neurol\u00f2gica que requereixen aquests nadons. Va ingressar a la\u00a0<a href=\"https:\/\/www.clinicbarcelona.org\/ca\/servei\/neonatologia\" target=\"_blank\" rel=\"noreferrer noopener\">UCI de Neonatologia<\/a>\u00a0i va continuar amb un desenvolupament sense cap complicaci\u00f3 rellevant atribu\u00efble a la prematuritat.<\/p>\r\n\r\n\r\n\r\n<figure class=\"wp-block-pullquote\">\r\n<blockquote>\r\n<p>&#8220;Aquest proc\u00e9s l\u2019he viscut amb molta responsabilitat, alegria, angoixa i il\u00b7lusi\u00f3. Un trajecte de molts anys, amb molts professionals implicats i un orgull: ens ha posat, de nou, a la primera divisi\u00f3 de la sanitat mundial. Aquest tipus de cirurgies nom\u00e9s les poden fer una desena d\u2019hospitals al m\u00f3n&#8221;<\/p>\r\n<cite>Francisco Carmona<\/cite><\/blockquote>\r\n<\/figure>\r\n\r\n\r\n\r\n<div class=\"wp-block-group\"><div class=\"wp-block-group__inner-container is-layout-flow wp-block-group-is-layout-flow\">\r\n<div class=\"wp-block-columns is-layout-flex wp-container-core-columns-is-layout-9d6595d7 wp-block-columns-is-layout-flex\">\r\n<div class=\"wp-block-column is-layout-flow wp-block-column-is-layout-flow\" style=\"flex-basis: 100%;\">\r\n<figure class=\"wp-block-image size-large\"><img decoding=\"async\" class=\"wp-image-4699\" src=\"https:\/\/fivclinic.es\/wp-content\/uploads\/2023\/06\/IMG_5732-1024x683.jpg\" alt=\"\" \/><\/figure>\r\n<\/div>\r\n<\/div>\r\n<\/div><\/div>\r\n\r\n\r\n\r\n<h4 class=\"wp-block-heading\"><strong>Un gran pas per la ci\u00e8ncia <\/strong><\/h4>\r\n\r\n\r\n\r\n<p>&#8220;Si hem sigut capa\u00e7os de realitzar aquest projecte amb \u00e8xit serem capa\u00e7os de traslladar aquest coneixement en molts altres projectes per poder millorar la qualitat de vida de molts pacients en aspectes quir\u00fargics, de radiodiagn\u00f2stic&#8230;\u201d Com quan l\u2019home va arribar a la lluna, el\u00a0<strong>Dr. Carmona\u00a0<\/strong>sost\u00e9 que aquesta fita \u201cha sigut un petit pas per l\u2019home (en aquest cas per aquesta dona), per\u00f2 un gran pas per la humanitat\u201d. \u201cAquest tipus de projectes s\u00f3n l\u2019embri\u00f3 de molts avan\u00e7os m\u00e8dics dels propers anys i hem obert noves portes a la innovaci\u00f3 i al coneixement\u201d sent\u00e8ncia.\u00a0<\/p>\r\n","protected":false},"excerpt":{"rendered":"<p>Neix a Hospital Cl\u00ednic el nad\u00f3 de la primera dona trasplantada d&#8217;\u00fater a Espanya. El projecte l&#8217;han liderat els equips de Ginecologia, Reproducci\u00f3 Assistida, Obstetricia i Trasplantament Renal, amb la participaci\u00f3 de FIVcl\u00ednic. Un \u00e8xit que posiciona l\u2019hospital com a referent en ginecologia i reproducci\u00f3.<\/p>\n","protected":false},"author":3,"featured_media":14555,"comment_status":"open","ping_status":"open","sticky":false,"template":"","format":"standard","meta":{"_acf_changed":false,"footnotes":""},"categories":[247],"tags":[],"autores":[],"tipo_de_blog":[363],"class_list":["post-13521","post","type-post","status-publish","format-standard","has-post-thumbnail","hentry","category-especialitats-mediques","tipo_de_blog-noticies","entry"],"acf":[],"yoast_head":"<!-- This site is optimized with the Yoast SEO plugin v27.4 - https:\/\/yoast.com\/product\/yoast-seo-wordpress\/ -->\n<title>Neix el nad\u00f3 de la primera dona trasplantada d\u2019\u00fater a Espanya - fivcl\u00ednic | barnacl\u00ednic+<\/title>\n<meta name=\"description\" content=\"Neix a Hospital Cl\u00ednic el nad\u00f3 de la primera dona trasplantada d&#039;\u00fater a Espanya, amb la col\u00b7laboraci\u00f3 de FIVcl\u00ednic.\" \/>\n<meta name=\"robots\" content=\"index, follow, max-snippet:-1, max-image-preview:large, max-video-preview:-1\" \/>\n<link rel=\"canonical\" href=\"https:\/\/fivclinic.es\/ca\/nado-primera-dona-amb-trasplantament-uter-espanya\/\" \/>\n<meta property=\"og:locale\" content=\"ca_ES\" \/>\n<meta property=\"og:type\" content=\"article\" \/>\n<meta property=\"og:title\" content=\"Neix el nad\u00f3 de la primera dona trasplantada d\u2019\u00fater a Espanya - fivcl\u00ednic | barnacl\u00ednic+\" \/>\n<meta property=\"og:description\" content=\"Neix a Hospital Cl\u00ednic el nad\u00f3 de la primera dona trasplantada d&#039;\u00fater a Espanya, amb la col\u00b7laboraci\u00f3 de FIVcl\u00ednic.\" \/>\n<meta property=\"og:url\" content=\"https:\/\/fivclinic.es\/ca\/nado-primera-dona-amb-trasplantament-uter-espanya\/\" \/>\n<meta property=\"og:site_name\" content=\"fivcl\u00ednic | barnacl\u00ednic+\" \/>\n<meta property=\"article:published_time\" content=\"2023-06-14T17:48:05+00:00\" \/>\n<meta property=\"article:modified_time\" content=\"2025-04-02T10:19:56+00:00\" \/>\n<meta property=\"og:image\" content=\"https:\/\/fivclinic.es\/wp-content\/uploads\/2024\/08\/Trasplante-de-utero-1.jpg\" \/>\n\t<meta property=\"og:image:width\" content=\"1536\" \/>\n\t<meta property=\"og:image:height\" content=\"864\" \/>\n\t<meta property=\"og:image:type\" content=\"image\/jpeg\" \/>\n<meta name=\"author\" content=\"lai.amoros\" \/>\n<meta name=\"twitter:card\" content=\"summary_large_image\" \/>\n<meta name=\"twitter:label1\" content=\"Escrit per\" \/>\n\t<meta name=\"twitter:data1\" content=\"lai.amoros\" \/>\n\t<meta name=\"twitter:label2\" content=\"Temps estimat de lectura\" \/>\n\t<meta name=\"twitter:data2\" content=\"3 minuts\" \/>\n<script type=\"application\/ld+json\" class=\"yoast-schema-graph\">{\"@context\":\"https:\\\/\\\/schema.org\",\"@graph\":[{\"@type\":\"Article\",\"@id\":\"https:\\\/\\\/fivclinic.es\\\/ca\\\/nado-primera-dona-amb-trasplantament-uter-espanya\\\/#article\",\"isPartOf\":{\"@id\":\"https:\\\/\\\/fivclinic.es\\\/ca\\\/nado-primera-dona-amb-trasplantament-uter-espanya\\\/\"},\"author\":{\"name\":\"lai.amoros\",\"@id\":\"https:\\\/\\\/fivclinic.es\\\/ca\\\/#\\\/schema\\\/person\\\/2eb955a187e138d5f5c87cca23469c77\"},\"headline\":\"Neix el nad\u00f3 de la primera dona trasplantada d\u2019\u00fater a Espanya\",\"datePublished\":\"2023-06-14T17:48:05+00:00\",\"dateModified\":\"2025-04-02T10:19:56+00:00\",\"mainEntityOfPage\":{\"@id\":\"https:\\\/\\\/fivclinic.es\\\/ca\\\/nado-primera-dona-amb-trasplantament-uter-espanya\\\/\"},\"wordCount\":592,\"commentCount\":0,\"publisher\":{\"@id\":\"https:\\\/\\\/fivclinic.es\\\/ca\\\/#organization\"},\"image\":{\"@id\":\"https:\\\/\\\/fivclinic.es\\\/ca\\\/nado-primera-dona-amb-trasplantament-uter-espanya\\\/#primaryimage\"},\"thumbnailUrl\":\"https:\\\/\\\/fivclinic.es\\\/wp-content\\\/uploads\\\/2024\\\/08\\\/Trasplante-de-utero-1.jpg\",\"articleSection\":[\"Especialitats m\u00e8diques\"],\"inLanguage\":\"ca\",\"potentialAction\":[{\"@type\":\"CommentAction\",\"name\":\"Comment\",\"target\":[\"https:\\\/\\\/fivclinic.es\\\/ca\\\/nado-primera-dona-amb-trasplantament-uter-espanya\\\/#respond\"]}]},{\"@type\":\"WebPage\",\"@id\":\"https:\\\/\\\/fivclinic.es\\\/ca\\\/nado-primera-dona-amb-trasplantament-uter-espanya\\\/\",\"url\":\"https:\\\/\\\/fivclinic.es\\\/ca\\\/nado-primera-dona-amb-trasplantament-uter-espanya\\\/\",\"name\":\"Neix el nad\u00f3 de la primera dona trasplantada d\u2019\u00fater a Espanya - fivcl\u00ednic | barnacl\u00ednic+\",\"isPartOf\":{\"@id\":\"https:\\\/\\\/fivclinic.es\\\/ca\\\/#website\"},\"primaryImageOfPage\":{\"@id\":\"https:\\\/\\\/fivclinic.es\\\/ca\\\/nado-primera-dona-amb-trasplantament-uter-espanya\\\/#primaryimage\"},\"image\":{\"@id\":\"https:\\\/\\\/fivclinic.es\\\/ca\\\/nado-primera-dona-amb-trasplantament-uter-espanya\\\/#primaryimage\"},\"thumbnailUrl\":\"https:\\\/\\\/fivclinic.es\\\/wp-content\\\/uploads\\\/2024\\\/08\\\/Trasplante-de-utero-1.jpg\",\"datePublished\":\"2023-06-14T17:48:05+00:00\",\"dateModified\":\"2025-04-02T10:19:56+00:00\",\"description\":\"Neix a Hospital Cl\u00ednic el nad\u00f3 de la primera dona trasplantada d'\u00fater a Espanya, amb la col\u00b7laboraci\u00f3 de FIVcl\u00ednic.\",\"breadcrumb\":{\"@id\":\"https:\\\/\\\/fivclinic.es\\\/ca\\\/nado-primera-dona-amb-trasplantament-uter-espanya\\\/#breadcrumb\"},\"inLanguage\":\"ca\",\"potentialAction\":[{\"@type\":\"ReadAction\",\"target\":[\"https:\\\/\\\/fivclinic.es\\\/ca\\\/nado-primera-dona-amb-trasplantament-uter-espanya\\\/\"]}]},{\"@type\":\"ImageObject\",\"inLanguage\":\"ca\",\"@id\":\"https:\\\/\\\/fivclinic.es\\\/ca\\\/nado-primera-dona-amb-trasplantament-uter-espanya\\\/#primaryimage\",\"url\":\"https:\\\/\\\/fivclinic.es\\\/wp-content\\\/uploads\\\/2024\\\/08\\\/Trasplante-de-utero-1.jpg\",\"contentUrl\":\"https:\\\/\\\/fivclinic.es\\\/wp-content\\\/uploads\\\/2024\\\/08\\\/Trasplante-de-utero-1.jpg\",\"width\":1536,\"height\":864,\"caption\":\"Trasplante de \u00fatero\"},{\"@type\":\"BreadcrumbList\",\"@id\":\"https:\\\/\\\/fivclinic.es\\\/ca\\\/nado-primera-dona-amb-trasplantament-uter-espanya\\\/#breadcrumb\",\"itemListElement\":[{\"@type\":\"ListItem\",\"position\":1,\"name\":\"Portada\",\"item\":\"https:\\\/\\\/fivclinic.es\\\/ca\\\/\"},{\"@type\":\"ListItem\",\"position\":2,\"name\":\"Neix el nad\u00f3 de la primera dona trasplantada d\u2019\u00fater a Espanya\"}]},{\"@type\":\"WebSite\",\"@id\":\"https:\\\/\\\/fivclinic.es\\\/ca\\\/#website\",\"url\":\"https:\\\/\\\/fivclinic.es\\\/ca\\\/\",\"name\":\"Oftalmol\u00f3gica | Barnacl\u00ednic\",\"description\":\"FIVcl\u00ednic, la Cl\u00ednica de Reproducci\u00f3n Asistida del Cl\u00ednic Barcelona y barnacl\u00ednic+. Los mejores tratamientos en Fecundaci\u00f3n in Vitro, en el centro de Barcelona.\",\"publisher\":{\"@id\":\"https:\\\/\\\/fivclinic.es\\\/ca\\\/#organization\"},\"potentialAction\":[{\"@type\":\"SearchAction\",\"target\":{\"@type\":\"EntryPoint\",\"urlTemplate\":\"https:\\\/\\\/fivclinic.es\\\/ca\\\/?s={search_term_string}\"},\"query-input\":{\"@type\":\"PropertyValueSpecification\",\"valueRequired\":true,\"valueName\":\"search_term_string\"}}],\"inLanguage\":\"ca\"},{\"@type\":\"Organization\",\"@id\":\"https:\\\/\\\/fivclinic.es\\\/ca\\\/#organization\",\"name\":\"Oftalmol\u00f3gica | Barnacl\u00ednic\",\"url\":\"https:\\\/\\\/fivclinic.es\\\/ca\\\/\",\"logo\":{\"@type\":\"ImageObject\",\"inLanguage\":\"ca\",\"@id\":\"https:\\\/\\\/fivclinic.es\\\/ca\\\/#\\\/schema\\\/logo\\\/image\\\/\",\"url\":\"https:\\\/\\\/odontologiabarnaclinic.clinic.antaviana.net\\\/wp-content\\\/uploads\\\/2024\\\/02\\\/logo-oftalmologia-clinic.png\",\"contentUrl\":\"https:\\\/\\\/odontologiabarnaclinic.clinic.antaviana.net\\\/wp-content\\\/uploads\\\/2024\\\/02\\\/logo-oftalmologia-clinic.png\",\"width\":169,\"height\":38,\"caption\":\"Oftalmol\u00f3gica | Barnacl\u00ednic\"},\"image\":{\"@id\":\"https:\\\/\\\/fivclinic.es\\\/ca\\\/#\\\/schema\\\/logo\\\/image\\\/\"}},{\"@type\":\"Person\",\"@id\":\"https:\\\/\\\/fivclinic.es\\\/ca\\\/#\\\/schema\\\/person\\\/2eb955a187e138d5f5c87cca23469c77\",\"name\":\"lai.amoros\",\"sameAs\":[\"http:\\\/\\\/antaviana\"],\"url\":\"https:\\\/\\\/fivclinic.es\\\/ca\\\/author\\\/lai-amoros\\\/\"}]}<\/script>\n<!-- \/ Yoast SEO plugin. -->","yoast_head_json":{"title":"Neix el nad\u00f3 de la primera dona trasplantada d\u2019\u00fater a Espanya - fivcl\u00ednic | barnacl\u00ednic+","description":"Neix a Hospital Cl\u00ednic el nad\u00f3 de la primera dona trasplantada d'\u00fater a Espanya, amb la col\u00b7laboraci\u00f3 de FIVcl\u00ednic.","robots":{"index":"index","follow":"follow","max-snippet":"max-snippet:-1","max-image-preview":"max-image-preview:large","max-video-preview":"max-video-preview:-1"},"canonical":"https:\/\/fivclinic.es\/ca\/nado-primera-dona-amb-trasplantament-uter-espanya\/","og_locale":"ca_ES","og_type":"article","og_title":"Neix el nad\u00f3 de la primera dona trasplantada d\u2019\u00fater a Espanya - fivcl\u00ednic | barnacl\u00ednic+","og_description":"Neix a Hospital Cl\u00ednic el nad\u00f3 de la primera dona trasplantada d'\u00fater a Espanya, amb la col\u00b7laboraci\u00f3 de FIVcl\u00ednic.","og_url":"https:\/\/fivclinic.es\/ca\/nado-primera-dona-amb-trasplantament-uter-espanya\/","og_site_name":"fivcl\u00ednic | barnacl\u00ednic+","article_published_time":"2023-06-14T17:48:05+00:00","article_modified_time":"2025-04-02T10:19:56+00:00","og_image":[{"width":1536,"height":864,"url":"https:\/\/fivclinic.es\/wp-content\/uploads\/2024\/08\/Trasplante-de-utero-1.jpg","type":"image\/jpeg"}],"author":"lai.amoros","twitter_card":"summary_large_image","twitter_misc":{"Escrit per":"lai.amoros","Temps estimat de lectura":"3 minuts"},"schema":{"@context":"https:\/\/schema.org","@graph":[{"@type":"Article","@id":"https:\/\/fivclinic.es\/ca\/nado-primera-dona-amb-trasplantament-uter-espanya\/#article","isPartOf":{"@id":"https:\/\/fivclinic.es\/ca\/nado-primera-dona-amb-trasplantament-uter-espanya\/"},"author":{"name":"lai.amoros","@id":"https:\/\/fivclinic.es\/ca\/#\/schema\/person\/2eb955a187e138d5f5c87cca23469c77"},"headline":"Neix el nad\u00f3 de la primera dona trasplantada d\u2019\u00fater a Espanya","datePublished":"2023-06-14T17:48:05+00:00","dateModified":"2025-04-02T10:19:56+00:00","mainEntityOfPage":{"@id":"https:\/\/fivclinic.es\/ca\/nado-primera-dona-amb-trasplantament-uter-espanya\/"},"wordCount":592,"commentCount":0,"publisher":{"@id":"https:\/\/fivclinic.es\/ca\/#organization"},"image":{"@id":"https:\/\/fivclinic.es\/ca\/nado-primera-dona-amb-trasplantament-uter-espanya\/#primaryimage"},"thumbnailUrl":"https:\/\/fivclinic.es\/wp-content\/uploads\/2024\/08\/Trasplante-de-utero-1.jpg","articleSection":["Especialitats m\u00e8diques"],"inLanguage":"ca","potentialAction":[{"@type":"CommentAction","name":"Comment","target":["https:\/\/fivclinic.es\/ca\/nado-primera-dona-amb-trasplantament-uter-espanya\/#respond"]}]},{"@type":"WebPage","@id":"https:\/\/fivclinic.es\/ca\/nado-primera-dona-amb-trasplantament-uter-espanya\/","url":"https:\/\/fivclinic.es\/ca\/nado-primera-dona-amb-trasplantament-uter-espanya\/","name":"Neix el nad\u00f3 de la primera dona trasplantada d\u2019\u00fater a Espanya - fivcl\u00ednic | barnacl\u00ednic+","isPartOf":{"@id":"https:\/\/fivclinic.es\/ca\/#website"},"primaryImageOfPage":{"@id":"https:\/\/fivclinic.es\/ca\/nado-primera-dona-amb-trasplantament-uter-espanya\/#primaryimage"},"image":{"@id":"https:\/\/fivclinic.es\/ca\/nado-primera-dona-amb-trasplantament-uter-espanya\/#primaryimage"},"thumbnailUrl":"https:\/\/fivclinic.es\/wp-content\/uploads\/2024\/08\/Trasplante-de-utero-1.jpg","datePublished":"2023-06-14T17:48:05+00:00","dateModified":"2025-04-02T10:19:56+00:00","description":"Neix a Hospital Cl\u00ednic el nad\u00f3 de la primera dona trasplantada d'\u00fater a Espanya, amb la col\u00b7laboraci\u00f3 de FIVcl\u00ednic.","breadcrumb":{"@id":"https:\/\/fivclinic.es\/ca\/nado-primera-dona-amb-trasplantament-uter-espanya\/#breadcrumb"},"inLanguage":"ca","potentialAction":[{"@type":"ReadAction","target":["https:\/\/fivclinic.es\/ca\/nado-primera-dona-amb-trasplantament-uter-espanya\/"]}]},{"@type":"ImageObject","inLanguage":"ca","@id":"https:\/\/fivclinic.es\/ca\/nado-primera-dona-amb-trasplantament-uter-espanya\/#primaryimage","url":"https:\/\/fivclinic.es\/wp-content\/uploads\/2024\/08\/Trasplante-de-utero-1.jpg","contentUrl":"https:\/\/fivclinic.es\/wp-content\/uploads\/2024\/08\/Trasplante-de-utero-1.jpg","width":1536,"height":864,"caption":"Trasplante de \u00fatero"},{"@type":"BreadcrumbList","@id":"https:\/\/fivclinic.es\/ca\/nado-primera-dona-amb-trasplantament-uter-espanya\/#breadcrumb","itemListElement":[{"@type":"ListItem","position":1,"name":"Portada","item":"https:\/\/fivclinic.es\/ca\/"},{"@type":"ListItem","position":2,"name":"Neix el nad\u00f3 de la primera dona trasplantada d\u2019\u00fater a Espanya"}]},{"@type":"WebSite","@id":"https:\/\/fivclinic.es\/ca\/#website","url":"https:\/\/fivclinic.es\/ca\/","name":"Oftalmol\u00f3gica | Barnacl\u00ednic","description":"FIVcl\u00ednic, la Cl\u00ednica de Reproducci\u00f3n Asistida del Cl\u00ednic Barcelona y barnacl\u00ednic+. Los mejores tratamientos en Fecundaci\u00f3n in Vitro, en el centro de Barcelona.","publisher":{"@id":"https:\/\/fivclinic.es\/ca\/#organization"},"potentialAction":[{"@type":"SearchAction","target":{"@type":"EntryPoint","urlTemplate":"https:\/\/fivclinic.es\/ca\/?s={search_term_string}"},"query-input":{"@type":"PropertyValueSpecification","valueRequired":true,"valueName":"search_term_string"}}],"inLanguage":"ca"},{"@type":"Organization","@id":"https:\/\/fivclinic.es\/ca\/#organization","name":"Oftalmol\u00f3gica | Barnacl\u00ednic","url":"https:\/\/fivclinic.es\/ca\/","logo":{"@type":"ImageObject","inLanguage":"ca","@id":"https:\/\/fivclinic.es\/ca\/#\/schema\/logo\/image\/","url":"https:\/\/odontologiabarnaclinic.clinic.antaviana.net\/wp-content\/uploads\/2024\/02\/logo-oftalmologia-clinic.png","contentUrl":"https:\/\/odontologiabarnaclinic.clinic.antaviana.net\/wp-content\/uploads\/2024\/02\/logo-oftalmologia-clinic.png","width":169,"height":38,"caption":"Oftalmol\u00f3gica | Barnacl\u00ednic"},"image":{"@id":"https:\/\/fivclinic.es\/ca\/#\/schema\/logo\/image\/"}},{"@type":"Person","@id":"https:\/\/fivclinic.es\/ca\/#\/schema\/person\/2eb955a187e138d5f5c87cca23469c77","name":"lai.amoros","sameAs":["http:\/\/antaviana"],"url":"https:\/\/fivclinic.es\/ca\/author\/lai-amoros\/"}]}},"_links":{"self":[{"href":"https:\/\/fivclinic.es\/ca\/wp-json\/wp\/v2\/posts\/13521","targetHints":{"allow":["GET"]}}],"collection":[{"href":"https:\/\/fivclinic.es\/ca\/wp-json\/wp\/v2\/posts"}],"about":[{"href":"https:\/\/fivclinic.es\/ca\/wp-json\/wp\/v2\/types\/post"}],"author":[{"embeddable":true,"href":"https:\/\/fivclinic.es\/ca\/wp-json\/wp\/v2\/users\/3"}],"replies":[{"embeddable":true,"href":"https:\/\/fivclinic.es\/ca\/wp-json\/wp\/v2\/comments?post=13521"}],"version-history":[{"count":2,"href":"https:\/\/fivclinic.es\/ca\/wp-json\/wp\/v2\/posts\/13521\/revisions"}],"predecessor-version":[{"id":15622,"href":"https:\/\/fivclinic.es\/ca\/wp-json\/wp\/v2\/posts\/13521\/revisions\/15622"}],"wp:featuredmedia":[{"embeddable":true,"href":"https:\/\/fivclinic.es\/ca\/wp-json\/wp\/v2\/media\/14555"}],"wp:attachment":[{"href":"https:\/\/fivclinic.es\/ca\/wp-json\/wp\/v2\/media?parent=13521"}],"wp:term":[{"taxonomy":"category","embeddable":true,"href":"https:\/\/fivclinic.es\/ca\/wp-json\/wp\/v2\/categories?post=13521"},{"taxonomy":"post_tag","embeddable":true,"href":"https:\/\/fivclinic.es\/ca\/wp-json\/wp\/v2\/tags?post=13521"},{"taxonomy":"autores","embeddable":true,"href":"https:\/\/fivclinic.es\/ca\/wp-json\/wp\/v2\/autores?post=13521"},{"taxonomy":"tipo_de_blog","embeddable":true,"href":"https:\/\/fivclinic.es\/ca\/wp-json\/wp\/v2\/tipo_de_blog?post=13521"}],"curies":[{"name":"wp","href":"https:\/\/api.w.org\/{rel}","templated":true}]}}