{"id":3328,"date":"2020-02-29T08:27:28","date_gmt":"2020-02-29T08:27:28","guid":{"rendered":"https:\/\/fivclinic.es\/?p=3328"},"modified":"2025-04-02T09:58:53","modified_gmt":"2025-04-02T09:58:53","slug":"naixement-bessons","status":"publish","type":"post","link":"https:\/\/fivclinic.es\/ca\/naixement-bessons\/","title":{"rendered":"Sobre el naixement de bessons, a El Peri\u00f3dico"},"content":{"rendered":"\r\n<h4 class=\"wp-block-heading\"><strong>El naixement de bessons es frena despr\u00e9s de triplicar-se en els \u00faltims 25 anys. L&#8217;evoluci\u00f3 tecnol\u00f2gica aconsegueix assegurar m\u00e9s embarassos amb nom\u00e9s un embri\u00f3, tal com explica Dolors Manau, responsable de reproducci\u00f3 assistida de FIVCl\u00ednic.<\/strong><\/h4>\r\n\r\n\r\n\r\n<p>&#8220;Abans la taxa d\u2019embarassos era el m\u00e9s important, per aix\u00f2 abans es transferien dos, i fins a tres, embrions alhora. Ara, l\u2019\u00e8xit del cicle de reproducci\u00f3 s\u2019estableix com un nen nascut a terme i sa&#8221;. Aix\u00ed \u00e9s com Manau explica els aven\u00e7os en reproducci\u00f3 a la periodista Carme Escales, en un article a &#8220;El Peri\u00f3dico\u201d sobre com el naixement de bessons s&#8217;ha moderat gr\u00e0cies a les noves tecnologies que s&#8217;apliquen en reproducci\u00f3.<\/p>\r\n\r\n\r\n\r\n<p>Com explica Manau, l&#8217;evoluci\u00f3 tecnol\u00f2gica assegura l&#8217;embar\u00e0s amb nom\u00e9s un embri\u00f3: &#8220;potents incubadores mantenen embrions de fins a cinc dies de vida \u2013abans nom\u00e9s de tres\u2013 amb la qual cosa s\u00f3n m\u00e9s forts. Aix\u00ed, amb la transfer\u00e8ncia d&#8217;un \u00e9s suficient&#8221;.<\/p>\r\n\r\n\r\n\r\n<p>Llegeix l&#8217;article: <a href=\"https:\/\/www.elperiodico.cat\/ca\/sanitat\/20200229\/el-naixement-de-bessons-es-modera-7854094\">https:\/\/www.elperiodico.cat\/ca\/sanitat\/20200229\/el-naixement-de-bessons-es-modera-7854094<\/a><\/p>\r\n","protected":false},"excerpt":{"rendered":"<p>El naixement de bessons es frena despr\u00e9s de triplicar-se en els \u00faltims 25 anys. L&#8217;evoluci\u00f3 tecnol\u00f2gica aconsegueix assegurar m\u00e9s embarassos amb nom\u00e9s un embri\u00f3, tal com explica Dolors Manau, responsable de reproducci\u00f3 assistida de FIVCl\u00ednic. &#8220;Abans la taxa d\u2019embarassos era el m\u00e9s important, per aix\u00f2 abans es transferien dos, i fins a tres, embrions alhora.&hellip; <a class=\"more-link\" href=\"https:\/\/fivclinic.es\/ca\/naixement-bessons\/\">Continueu llegint <span class=\"screen-reader-text\">Sobre el naixement de bessons, a El Peri\u00f3dico<\/span><\/a><\/p>\n","protected":false},"author":3,"featured_media":3416,"comment_status":"closed","ping_status":"open","sticky":false,"template":"","format":"standard","meta":{"_acf_changed":false,"footnotes":""},"categories":[118],"tags":[],"autores":[],"tipo_de_blog":[],"class_list":["post-3328","post","type-post","status-publish","format-standard","has-post-thumbnail","hentry","category-uncategorized-ca","entry"],"acf":[],"yoast_head":"<!-- This site is optimized with the Yoast SEO plugin v27.4 - https:\/\/yoast.com\/product\/yoast-seo-wordpress\/ -->\n<title>Sobre el naixement de bessons, a El Peri\u00f3dico - fivcl\u00ednic | barnacl\u00ednic+<\/title>\n<meta name=\"description\" content=\"Dolors Manau, responsable de reproducci\u00f3 assistida de FIVCl\u00ednic, explica els aven\u00e7os en reproducci\u00f3 a la periodista Carme Escales\" \/>\n<meta name=\"robots\" content=\"index, follow, max-snippet:-1, max-image-preview:large, max-video-preview:-1\" \/>\n<link rel=\"canonical\" href=\"https:\/\/fivclinic.es\/ca\/naixement-bessons\/\" \/>\n<meta property=\"og:locale\" content=\"ca_ES\" \/>\n<meta property=\"og:type\" content=\"article\" \/>\n<meta property=\"og:title\" content=\"Sobre el naixement de bessons, a El Peri\u00f3dico - fivcl\u00ednic | barnacl\u00ednic+\" \/>\n<meta property=\"og:description\" content=\"Dolors Manau, responsable de reproducci\u00f3 assistida de FIVCl\u00ednic, explica els aven\u00e7os en reproducci\u00f3 a la periodista Carme Escales\" \/>\n<meta property=\"og:url\" content=\"https:\/\/fivclinic.es\/ca\/naixement-bessons\/\" \/>\n<meta property=\"og:site_name\" content=\"fivcl\u00ednic | barnacl\u00ednic+\" \/>\n<meta property=\"article:published_time\" content=\"2020-02-29T08:27:28+00:00\" \/>\n<meta property=\"article:modified_time\" content=\"2025-04-02T09:58:53+00:00\" \/>\n<meta name=\"author\" content=\"lai.amoros\" \/>\n<meta name=\"twitter:card\" content=\"summary_large_image\" \/>\n<meta name=\"twitter:label1\" content=\"Escrit per\" \/>\n\t<meta name=\"twitter:data1\" content=\"lai.amoros\" \/>\n\t<meta name=\"twitter:label2\" content=\"Temps estimat de lectura\" \/>\n\t<meta name=\"twitter:data2\" content=\"1 minut\" \/>\n<script type=\"application\/ld+json\" class=\"yoast-schema-graph\">{\"@context\":\"https:\\\/\\\/schema.org\",\"@graph\":[{\"@type\":\"Article\",\"@id\":\"https:\\\/\\\/fivclinic.es\\\/ca\\\/naixement-bessons\\\/#article\",\"isPartOf\":{\"@id\":\"https:\\\/\\\/fivclinic.es\\\/ca\\\/naixement-bessons\\\/\"},\"author\":{\"name\":\"lai.amoros\",\"@id\":\"https:\\\/\\\/fivclinic.es\\\/ca\\\/#\\\/schema\\\/person\\\/2eb955a187e138d5f5c87cca23469c77\"},\"headline\":\"Sobre el naixement de bessons, a El Peri\u00f3dico\",\"datePublished\":\"2020-02-29T08:27:28+00:00\",\"dateModified\":\"2025-04-02T09:58:53+00:00\",\"mainEntityOfPage\":{\"@id\":\"https:\\\/\\\/fivclinic.es\\\/ca\\\/naixement-bessons\\\/\"},\"wordCount\":183,\"publisher\":{\"@id\":\"https:\\\/\\\/fivclinic.es\\\/ca\\\/#organization\"},\"image\":{\"@id\":\"https:\\\/\\\/fivclinic.es\\\/ca\\\/naixement-bessons\\\/#primaryimage\"},\"thumbnailUrl\":\"https:\\\/\\\/fivclinic.es\\\/wp-content\\\/uploads\\\/2021\\\/12\\\/Group-136.svg\",\"articleSection\":[\"Uncategorized @ca\"],\"inLanguage\":\"ca\"},{\"@type\":\"WebPage\",\"@id\":\"https:\\\/\\\/fivclinic.es\\\/ca\\\/naixement-bessons\\\/\",\"url\":\"https:\\\/\\\/fivclinic.es\\\/ca\\\/naixement-bessons\\\/\",\"name\":\"Sobre el naixement de bessons, a El Peri\u00f3dico - fivcl\u00ednic | barnacl\u00ednic+\",\"isPartOf\":{\"@id\":\"https:\\\/\\\/fivclinic.es\\\/ca\\\/#website\"},\"primaryImageOfPage\":{\"@id\":\"https:\\\/\\\/fivclinic.es\\\/ca\\\/naixement-bessons\\\/#primaryimage\"},\"image\":{\"@id\":\"https:\\\/\\\/fivclinic.es\\\/ca\\\/naixement-bessons\\\/#primaryimage\"},\"thumbnailUrl\":\"https:\\\/\\\/fivclinic.es\\\/wp-content\\\/uploads\\\/2021\\\/12\\\/Group-136.svg\",\"datePublished\":\"2020-02-29T08:27:28+00:00\",\"dateModified\":\"2025-04-02T09:58:53+00:00\",\"description\":\"Dolors Manau, responsable de reproducci\u00f3 assistida de FIVCl\u00ednic, explica els aven\u00e7os en reproducci\u00f3 a la periodista Carme Escales\",\"breadcrumb\":{\"@id\":\"https:\\\/\\\/fivclinic.es\\\/ca\\\/naixement-bessons\\\/#breadcrumb\"},\"inLanguage\":\"ca\",\"potentialAction\":[{\"@type\":\"ReadAction\",\"target\":[\"https:\\\/\\\/fivclinic.es\\\/ca\\\/naixement-bessons\\\/\"]}]},{\"@type\":\"ImageObject\",\"inLanguage\":\"ca\",\"@id\":\"https:\\\/\\\/fivclinic.es\\\/ca\\\/naixement-bessons\\\/#primaryimage\",\"url\":\"https:\\\/\\\/fivclinic.es\\\/wp-content\\\/uploads\\\/2021\\\/12\\\/Group-136.svg\",\"contentUrl\":\"https:\\\/\\\/fivclinic.es\\\/wp-content\\\/uploads\\\/2021\\\/12\\\/Group-136.svg\",\"width\":57,\"height\":57},{\"@type\":\"BreadcrumbList\",\"@id\":\"https:\\\/\\\/fivclinic.es\\\/ca\\\/naixement-bessons\\\/#breadcrumb\",\"itemListElement\":[{\"@type\":\"ListItem\",\"position\":1,\"name\":\"Portada\",\"item\":\"https:\\\/\\\/fivclinic.es\\\/ca\\\/\"},{\"@type\":\"ListItem\",\"position\":2,\"name\":\"Sobre el naixement de bessons, a El Peri\u00f3dico\"}]},{\"@type\":\"WebSite\",\"@id\":\"https:\\\/\\\/fivclinic.es\\\/ca\\\/#website\",\"url\":\"https:\\\/\\\/fivclinic.es\\\/ca\\\/\",\"name\":\"Oftalmol\u00f3gica | Barnacl\u00ednic\",\"description\":\"FIVcl\u00ednic, la Cl\u00ednica de Reproducci\u00f3n Asistida del Cl\u00ednic Barcelona y barnacl\u00ednic+. Los mejores tratamientos en Fecundaci\u00f3n in Vitro, en el centro de Barcelona.\",\"publisher\":{\"@id\":\"https:\\\/\\\/fivclinic.es\\\/ca\\\/#organization\"},\"potentialAction\":[{\"@type\":\"SearchAction\",\"target\":{\"@type\":\"EntryPoint\",\"urlTemplate\":\"https:\\\/\\\/fivclinic.es\\\/ca\\\/?s={search_term_string}\"},\"query-input\":{\"@type\":\"PropertyValueSpecification\",\"valueRequired\":true,\"valueName\":\"search_term_string\"}}],\"inLanguage\":\"ca\"},{\"@type\":\"Organization\",\"@id\":\"https:\\\/\\\/fivclinic.es\\\/ca\\\/#organization\",\"name\":\"Oftalmol\u00f3gica | Barnacl\u00ednic\",\"url\":\"https:\\\/\\\/fivclinic.es\\\/ca\\\/\",\"logo\":{\"@type\":\"ImageObject\",\"inLanguage\":\"ca\",\"@id\":\"https:\\\/\\\/fivclinic.es\\\/ca\\\/#\\\/schema\\\/logo\\\/image\\\/\",\"url\":\"https:\\\/\\\/odontologiabarnaclinic.clinic.antaviana.net\\\/wp-content\\\/uploads\\\/2024\\\/02\\\/logo-oftalmologia-clinic.png\",\"contentUrl\":\"https:\\\/\\\/odontologiabarnaclinic.clinic.antaviana.net\\\/wp-content\\\/uploads\\\/2024\\\/02\\\/logo-oftalmologia-clinic.png\",\"width\":169,\"height\":38,\"caption\":\"Oftalmol\u00f3gica | Barnacl\u00ednic\"},\"image\":{\"@id\":\"https:\\\/\\\/fivclinic.es\\\/ca\\\/#\\\/schema\\\/logo\\\/image\\\/\"}},{\"@type\":\"Person\",\"@id\":\"https:\\\/\\\/fivclinic.es\\\/ca\\\/#\\\/schema\\\/person\\\/2eb955a187e138d5f5c87cca23469c77\",\"name\":\"lai.amoros\",\"sameAs\":[\"http:\\\/\\\/antaviana\"],\"url\":\"https:\\\/\\\/fivclinic.es\\\/ca\\\/author\\\/lai-amoros\\\/\"}]}<\/script>\n<!-- \/ Yoast SEO plugin. -->","yoast_head_json":{"title":"Sobre el naixement de bessons, a El Peri\u00f3dico - fivcl\u00ednic | barnacl\u00ednic+","description":"Dolors Manau, responsable de reproducci\u00f3 assistida de FIVCl\u00ednic, explica els aven\u00e7os en reproducci\u00f3 a la periodista Carme Escales","robots":{"index":"index","follow":"follow","max-snippet":"max-snippet:-1","max-image-preview":"max-image-preview:large","max-video-preview":"max-video-preview:-1"},"canonical":"https:\/\/fivclinic.es\/ca\/naixement-bessons\/","og_locale":"ca_ES","og_type":"article","og_title":"Sobre el naixement de bessons, a El Peri\u00f3dico - fivcl\u00ednic | barnacl\u00ednic+","og_description":"Dolors Manau, responsable de reproducci\u00f3 assistida de FIVCl\u00ednic, explica els aven\u00e7os en reproducci\u00f3 a la periodista Carme Escales","og_url":"https:\/\/fivclinic.es\/ca\/naixement-bessons\/","og_site_name":"fivcl\u00ednic | barnacl\u00ednic+","article_published_time":"2020-02-29T08:27:28+00:00","article_modified_time":"2025-04-02T09:58:53+00:00","author":"lai.amoros","twitter_card":"summary_large_image","twitter_misc":{"Escrit per":"lai.amoros","Temps estimat de lectura":"1 minut"},"schema":{"@context":"https:\/\/schema.org","@graph":[{"@type":"Article","@id":"https:\/\/fivclinic.es\/ca\/naixement-bessons\/#article","isPartOf":{"@id":"https:\/\/fivclinic.es\/ca\/naixement-bessons\/"},"author":{"name":"lai.amoros","@id":"https:\/\/fivclinic.es\/ca\/#\/schema\/person\/2eb955a187e138d5f5c87cca23469c77"},"headline":"Sobre el naixement de bessons, a El Peri\u00f3dico","datePublished":"2020-02-29T08:27:28+00:00","dateModified":"2025-04-02T09:58:53+00:00","mainEntityOfPage":{"@id":"https:\/\/fivclinic.es\/ca\/naixement-bessons\/"},"wordCount":183,"publisher":{"@id":"https:\/\/fivclinic.es\/ca\/#organization"},"image":{"@id":"https:\/\/fivclinic.es\/ca\/naixement-bessons\/#primaryimage"},"thumbnailUrl":"https:\/\/fivclinic.es\/wp-content\/uploads\/2021\/12\/Group-136.svg","articleSection":["Uncategorized @ca"],"inLanguage":"ca"},{"@type":"WebPage","@id":"https:\/\/fivclinic.es\/ca\/naixement-bessons\/","url":"https:\/\/fivclinic.es\/ca\/naixement-bessons\/","name":"Sobre el naixement de bessons, a El Peri\u00f3dico - fivcl\u00ednic | barnacl\u00ednic+","isPartOf":{"@id":"https:\/\/fivclinic.es\/ca\/#website"},"primaryImageOfPage":{"@id":"https:\/\/fivclinic.es\/ca\/naixement-bessons\/#primaryimage"},"image":{"@id":"https:\/\/fivclinic.es\/ca\/naixement-bessons\/#primaryimage"},"thumbnailUrl":"https:\/\/fivclinic.es\/wp-content\/uploads\/2021\/12\/Group-136.svg","datePublished":"2020-02-29T08:27:28+00:00","dateModified":"2025-04-02T09:58:53+00:00","description":"Dolors Manau, responsable de reproducci\u00f3 assistida de FIVCl\u00ednic, explica els aven\u00e7os en reproducci\u00f3 a la periodista Carme Escales","breadcrumb":{"@id":"https:\/\/fivclinic.es\/ca\/naixement-bessons\/#breadcrumb"},"inLanguage":"ca","potentialAction":[{"@type":"ReadAction","target":["https:\/\/fivclinic.es\/ca\/naixement-bessons\/"]}]},{"@type":"ImageObject","inLanguage":"ca","@id":"https:\/\/fivclinic.es\/ca\/naixement-bessons\/#primaryimage","url":"https:\/\/fivclinic.es\/wp-content\/uploads\/2021\/12\/Group-136.svg","contentUrl":"https:\/\/fivclinic.es\/wp-content\/uploads\/2021\/12\/Group-136.svg","width":57,"height":57},{"@type":"BreadcrumbList","@id":"https:\/\/fivclinic.es\/ca\/naixement-bessons\/#breadcrumb","itemListElement":[{"@type":"ListItem","position":1,"name":"Portada","item":"https:\/\/fivclinic.es\/ca\/"},{"@type":"ListItem","position":2,"name":"Sobre el naixement de bessons, a El Peri\u00f3dico"}]},{"@type":"WebSite","@id":"https:\/\/fivclinic.es\/ca\/#website","url":"https:\/\/fivclinic.es\/ca\/","name":"Oftalmol\u00f3gica | Barnacl\u00ednic","description":"FIVcl\u00ednic, la Cl\u00ednica de Reproducci\u00f3n Asistida del Cl\u00ednic Barcelona y barnacl\u00ednic+. Los mejores tratamientos en Fecundaci\u00f3n in Vitro, en el centro de Barcelona.","publisher":{"@id":"https:\/\/fivclinic.es\/ca\/#organization"},"potentialAction":[{"@type":"SearchAction","target":{"@type":"EntryPoint","urlTemplate":"https:\/\/fivclinic.es\/ca\/?s={search_term_string}"},"query-input":{"@type":"PropertyValueSpecification","valueRequired":true,"valueName":"search_term_string"}}],"inLanguage":"ca"},{"@type":"Organization","@id":"https:\/\/fivclinic.es\/ca\/#organization","name":"Oftalmol\u00f3gica | Barnacl\u00ednic","url":"https:\/\/fivclinic.es\/ca\/","logo":{"@type":"ImageObject","inLanguage":"ca","@id":"https:\/\/fivclinic.es\/ca\/#\/schema\/logo\/image\/","url":"https:\/\/odontologiabarnaclinic.clinic.antaviana.net\/wp-content\/uploads\/2024\/02\/logo-oftalmologia-clinic.png","contentUrl":"https:\/\/odontologiabarnaclinic.clinic.antaviana.net\/wp-content\/uploads\/2024\/02\/logo-oftalmologia-clinic.png","width":169,"height":38,"caption":"Oftalmol\u00f3gica | Barnacl\u00ednic"},"image":{"@id":"https:\/\/fivclinic.es\/ca\/#\/schema\/logo\/image\/"}},{"@type":"Person","@id":"https:\/\/fivclinic.es\/ca\/#\/schema\/person\/2eb955a187e138d5f5c87cca23469c77","name":"lai.amoros","sameAs":["http:\/\/antaviana"],"url":"https:\/\/fivclinic.es\/ca\/author\/lai-amoros\/"}]}},"_links":{"self":[{"href":"https:\/\/fivclinic.es\/ca\/wp-json\/wp\/v2\/posts\/3328","targetHints":{"allow":["GET"]}}],"collection":[{"href":"https:\/\/fivclinic.es\/ca\/wp-json\/wp\/v2\/posts"}],"about":[{"href":"https:\/\/fivclinic.es\/ca\/wp-json\/wp\/v2\/types\/post"}],"author":[{"embeddable":true,"href":"https:\/\/fivclinic.es\/ca\/wp-json\/wp\/v2\/users\/3"}],"replies":[{"embeddable":true,"href":"https:\/\/fivclinic.es\/ca\/wp-json\/wp\/v2\/comments?post=3328"}],"version-history":[{"count":1,"href":"https:\/\/fivclinic.es\/ca\/wp-json\/wp\/v2\/posts\/3328\/revisions"}],"predecessor-version":[{"id":13568,"href":"https:\/\/fivclinic.es\/ca\/wp-json\/wp\/v2\/posts\/3328\/revisions\/13568"}],"wp:featuredmedia":[{"embeddable":true,"href":"https:\/\/fivclinic.es\/ca\/wp-json\/wp\/v2\/media\/3416"}],"wp:attachment":[{"href":"https:\/\/fivclinic.es\/ca\/wp-json\/wp\/v2\/media?parent=3328"}],"wp:term":[{"taxonomy":"category","embeddable":true,"href":"https:\/\/fivclinic.es\/ca\/wp-json\/wp\/v2\/categories?post=3328"},{"taxonomy":"post_tag","embeddable":true,"href":"https:\/\/fivclinic.es\/ca\/wp-json\/wp\/v2\/tags?post=3328"},{"taxonomy":"autores","embeddable":true,"href":"https:\/\/fivclinic.es\/ca\/wp-json\/wp\/v2\/autores?post=3328"},{"taxonomy":"tipo_de_blog","embeddable":true,"href":"https:\/\/fivclinic.es\/ca\/wp-json\/wp\/v2\/tipo_de_blog?post=3328"}],"curies":[{"name":"wp","href":"https:\/\/api.w.org\/{rel}","templated":true}]}}