{"id":13410,"date":"2019-08-05T08:30:52","date_gmt":"2019-08-05T08:30:52","guid":{"rendered":"https:\/\/fivclinic.es\/devenir-femme-a-quel-age-par-m-eduard-gratacos\/"},"modified":"2024-08-23T14:37:36","modified_gmt":"2024-08-23T14:37:36","slug":"devenir-femme-a-quel-age-par-m-eduard-gratacos","status":"publish","type":"post","link":"https:\/\/fivclinic.es\/fr\/devenir-femme-a-quel-age-par-m-eduard-gratacos\/","title":{"rendered":"\u00ab Devenir femme \u00e0 quel \u00e2ge\u00bb, par M. Eduard Gratac\u00f3s"},"content":{"rendered":"\r\n<p class=\"has-normal-font-size\"><strong>\u00a0Il est possible de devenir m\u00e8re \u00e0 des moments tr\u00e8s diff\u00e9rents de la vie, mais est-ce qu\u2019il y a un moment id\u00e9al ? En moyenne, l\u2019\u00e2ge pour avoir le premier enfant a augment\u00e9 avec le temps. Cela arrive \u00e0 pratiquement tout le monde, mais sp\u00e9cialement au sud de l\u2019Europe et, bien \u00e9videmment, en Espagne. <\/strong><\/p>\r\n\r\n\r\n\r\n<p>Les femmes enceintes de plus de 35 ans sont pass\u00e9es de 5 % dans les ann\u00e9es 70 \u00e0 25-35 % aujourd\u2019hui. Le changement s\u2019explique pour des raisons \u00e9conomiques et culturelles. Pour de nombreuses femmes travailleuses, une grossesse peut encore freiner leur trajectoire professionnelle, ce qui ajourne la d\u00e9cision pendant des ann\u00e9es. De plus, il existe une tendance sociale \u00e0 repousser l\u2019\u00e2ge de la maternit\u00e9.<\/p>\r\n\r\n\r\n\r\n<p>Biologiquement, l&rsquo;\u00e2ge id\u00e9al pour une grossesse se trouve entre 25 et 28 ans, mais nous pourrions dire que nous sommes programm\u00e9s pour vivre moins de ce que nous vivons aujourd\u2019hui. Les avanc\u00e9es m\u00e9dicales sont une r\u00e9volution contre la s\u00e9lection naturelle, l\u2019esp\u00e9rance de vie a augment\u00e9 et les concepts classiques de jeunesse et vieillesse ont chang\u00e9. Ainsi, pour de nombreux couples, le moment de concilier une maternit\u00e9 avec leur vie se trouve au-del\u00e0 des 35 ans.<\/p>\r\n\r\n\r\n\r\n<blockquote class=\"wp-block-quote is-layout-flow wp-block-quote-is-layout-flow\">\r\n<p>Cependant, bien que la sant\u00e9 et la m\u00e9decine soient infiniment meilleures, <strong>le fait de repousser beaucoup l\u2019\u00e2ge de la grossesse pr\u00e9sente des inconv\u00e9nients.<\/strong><\/p>\r\n<\/blockquote>\r\n\r\n\r\n\r\n<p>Le probl\u00e8me le plus \u00e9vident est la r\u00e9duction de la fertilit\u00e9. L&rsquo;\u00e2ge de la m\u00e9nopause n\u2019a pas chang\u00e9. La qualit\u00e9 et la quantit\u00e9 d\u2019ovules se r\u00e9duit avec les ann\u00e9es et, \u00e0 partir de 35 ans, les possibilit\u00e9s d&rsquo;une gestation spontan\u00e9e se r\u00e9duisent. Bien qu\u2019ils soient nombreux \u00e0 y parvenir, le nombre de couples ayant besoin d\u2019un traitement de reproduction assist\u00e9e augmente. Une fois obtenue, il s\u2019agit d\u2019une grossesse pr\u00e9sentant un nombre de risques statistiquement plus \u00e9lev\u00e9, mais la plupart des femmes en bonne sant\u00e9 ne sentiront pas de changements importants entre une grossesse \u00e0 30 ans et une grossesse \u00e0 40 ans.<\/p>\r\n\r\n\r\n\r\n<p>En ce qui concerne le f\u0153tus, il est vrai que les probabilit\u00e9s de malformations ou d\u2019anomalies chromosomiques augmentent. Historiquement, il \u00e9tait consid\u00e9r\u00e9 que 35 ans \u00e9tait un \u00e2ge \u00ab limite \u00bb, mais ceci n\u2019a aucune base scientifique de nos jours. Il y a, en effet, une augmentation progressive : \u00e0 25 ans, le risque d\u2019avoir un enfant atteint du syndrome de Down est de 1 sur 1000, tandis qu\u2019\u00e0 40 ans il est de 20 sur 1000. Il y a donc une augmentation claire avec l\u2019\u00e2ge, mais m\u00eame \u00e0 40 ans, la probabilit\u00e9 r\u00e9elle est de 2 %. De plus, aujourd\u2019hui, <strong>nous disposons d\u2019un grande quantit\u00e9 de tests<\/strong>, non invasifs, pour d\u00e9tecter ces anomalies de mani\u00e8re pr\u00e9coce.<\/p>\r\n\r\n\r\n\r\n<p>La m\u00e8re a \u00e9galement plus de possibilit\u00e9s de subir des complications, dont l\u2019avortement, l\u2019accouchement pr\u00e9matur\u00e9, le retard de croissance intra-ut\u00e9rin qui oscille entre 1 % et 3 % &#8211; et une l\u00e9g\u00e8re augmentation du diab\u00e8te ou de l\u2019hypertension. La grossesse est une surcharge pour le corps et peut acc\u00e9l\u00e9rer l\u2019apparition de ces probl\u00e8mes, notamment dans les cas d\u2019une pr\u00e9disposition pr\u00e9alable, et il est plus facile que cela arrive \u00e0 40 ans qu\u2019\u00e0 30 ans.<\/p>\r\n\r\n\r\n\r\n<p>Mais, comme nous le savons, l\u2019environnement (soit, le fait de prendre soin de nous) est un facteur bien plus important pour la sant\u00e9 que la g\u00e9n\u00e9tique. <strong>C\u2019est pourquoi une femme de 45 ans ayant de tr\u00e8s bonnes habitudes peut avoir une meilleure grossesse qu\u2019une femme de 30 ans avec de mauvaises habitudes.<\/strong><\/p>\r\n\r\n\r\n\r\n<p>Par cons\u00e9quent, depuis la perspective de la sant\u00e9 publique, le fait de retarder les grossesses n\u2019est pas la meilleure id\u00e9e, puisque cela augmente les cas de reproduction assist\u00e9e et les possibles complications. Du point de vue personnel, les risques sont petits et la majorit\u00e9 peut envisager des grossesses jusqu\u2019\u00e0 45 ans (ou plus) chez des patientes en bonne sant\u00e9. Que le fait que les parents aient 40 ans d\u2019\u00e9cart avec leurs enfants soit bon, mauvais ou pas&#8230; c\u2019est une autre histoire.<\/p>\r\n\r\n\r\n\r\n<p><strong><em>Eduard Gratac\u00f3s Solsona, Medical Director FIVcl\u00ednic<\/em><\/strong><\/p>\r\n","protected":false},"excerpt":{"rendered":"<p>\u00a0Il est possible de devenir m\u00e8re \u00e0 des moments tr\u00e8s diff\u00e9rents de la vie, mais est-ce qu\u2019il y a un moment id\u00e9al ? En moyenne, l\u2019\u00e2ge pour avoir le premier enfant a augment\u00e9 avec le temps. Cela arrive \u00e0 pratiquement tout le monde, mais sp\u00e9cialement au sud de l\u2019Europe et, bien \u00e9videmment, en Espagne. Les&hellip; <a class=\"more-link\" href=\"https:\/\/fivclinic.es\/fr\/devenir-femme-a-quel-age-par-m-eduard-gratacos\/\">Poursuivre la lecture <span class=\"screen-reader-text\">\u00ab Devenir femme \u00e0 quel \u00e2ge\u00bb, par M. Eduard Gratac\u00f3s<\/span><\/a><\/p>\n","protected":false},"author":3,"featured_media":2358,"comment_status":"open","ping_status":"open","sticky":false,"template":"","format":"standard","meta":{"_acf_changed":false,"footnotes":""},"categories":[1],"tags":[],"autores":[],"tipo_de_blog":[],"class_list":["post-13410","post","type-post","status-publish","format-standard","has-post-thumbnail","hentry","category-sin-categorizar","entry"],"acf":[],"yoast_head":"<!-- This site is optimized with the Yoast SEO plugin v27.4 - https:\/\/yoast.com\/product\/yoast-seo-wordpress\/ -->\n<title>\u00ab Devenir femme \u00e0 quel \u00e2ge\u00bb, par M. Eduard Gratac\u00f3s - fivcl\u00ednic | barnacl\u00ednic+<\/title>\n<meta name=\"robots\" content=\"index, follow, max-snippet:-1, max-image-preview:large, max-video-preview:-1\" \/>\n<link rel=\"canonical\" href=\"https:\/\/fivclinic.es\/fr\/devenir-femme-a-quel-age-par-m-eduard-gratacos\/\" \/>\n<meta property=\"og:locale\" content=\"fr_FR\" \/>\n<meta property=\"og:type\" content=\"article\" \/>\n<meta property=\"og:title\" content=\"\u00ab Devenir femme \u00e0 quel \u00e2ge\u00bb, par M. Eduard Gratac\u00f3s - fivcl\u00ednic | barnacl\u00ednic+\" \/>\n<meta property=\"og:description\" content=\"\u00a0Il est possible de devenir m\u00e8re \u00e0 des moments tr\u00e8s diff\u00e9rents de la vie, mais est-ce qu\u2019il y a un moment id\u00e9al ? En moyenne, l\u2019\u00e2ge pour avoir le premier enfant a augment\u00e9 avec le temps. Cela arrive \u00e0 pratiquement tout le monde, mais sp\u00e9cialement au sud de l\u2019Europe et, bien \u00e9videmment, en Espagne. Les&hellip; Poursuivre la lecture \u00ab Devenir femme \u00e0 quel \u00e2ge\u00bb, par M. Eduard Gratac\u00f3s\" \/>\n<meta property=\"og:url\" content=\"https:\/\/fivclinic.es\/fr\/devenir-femme-a-quel-age-par-m-eduard-gratacos\/\" \/>\n<meta property=\"og:site_name\" content=\"fivcl\u00ednic | barnacl\u00ednic+\" \/>\n<meta property=\"article:published_time\" content=\"2019-08-05T08:30:52+00:00\" \/>\n<meta property=\"article:modified_time\" content=\"2024-08-23T14:37:36+00:00\" \/>\n<meta property=\"og:image\" content=\"https:\/\/fivclinic.es\/wp-content\/uploads\/2021\/11\/image-1-3.png\" \/>\n\t<meta property=\"og:image:width\" content=\"446\" \/>\n\t<meta property=\"og:image:height\" content=\"530\" \/>\n\t<meta property=\"og:image:type\" content=\"image\/png\" \/>\n<meta name=\"author\" content=\"lai.amoros\" \/>\n<meta name=\"twitter:card\" content=\"summary_large_image\" \/>\n<meta name=\"twitter:label1\" content=\"\u00c9crit par\" \/>\n\t<meta name=\"twitter:data1\" content=\"lai.amoros\" \/>\n\t<meta name=\"twitter:label2\" content=\"Dur\u00e9e de lecture estim\u00e9e\" \/>\n\t<meta name=\"twitter:data2\" content=\"4 minutes\" \/>\n<script type=\"application\/ld+json\" class=\"yoast-schema-graph\">{\"@context\":\"https:\\\/\\\/schema.org\",\"@graph\":[{\"@type\":\"Article\",\"@id\":\"https:\\\/\\\/fivclinic.es\\\/fr\\\/devenir-femme-a-quel-age-par-m-eduard-gratacos\\\/#article\",\"isPartOf\":{\"@id\":\"https:\\\/\\\/fivclinic.es\\\/fr\\\/devenir-femme-a-quel-age-par-m-eduard-gratacos\\\/\"},\"author\":{\"name\":\"lai.amoros\",\"@id\":\"https:\\\/\\\/fivclinic.es\\\/fr\\\/#\\\/schema\\\/person\\\/2eb955a187e138d5f5c87cca23469c77\"},\"headline\":\"\u00ab Devenir femme \u00e0 quel \u00e2ge\u00bb, par M. Eduard Gratac\u00f3s\",\"datePublished\":\"2019-08-05T08:30:52+00:00\",\"dateModified\":\"2024-08-23T14:37:36+00:00\",\"mainEntityOfPage\":{\"@id\":\"https:\\\/\\\/fivclinic.es\\\/fr\\\/devenir-femme-a-quel-age-par-m-eduard-gratacos\\\/\"},\"wordCount\":702,\"commentCount\":0,\"publisher\":{\"@id\":\"https:\\\/\\\/fivclinic.es\\\/fr\\\/#organization\"},\"image\":{\"@id\":\"https:\\\/\\\/fivclinic.es\\\/fr\\\/devenir-femme-a-quel-age-par-m-eduard-gratacos\\\/#primaryimage\"},\"thumbnailUrl\":\"https:\\\/\\\/fivclinic.es\\\/wp-content\\\/uploads\\\/2021\\\/11\\\/image-1-3.png\",\"articleSection\":[\"Sin categorizar\"],\"inLanguage\":\"fr-FR\",\"potentialAction\":[{\"@type\":\"CommentAction\",\"name\":\"Comment\",\"target\":[\"https:\\\/\\\/fivclinic.es\\\/fr\\\/devenir-femme-a-quel-age-par-m-eduard-gratacos\\\/#respond\"]}]},{\"@type\":\"WebPage\",\"@id\":\"https:\\\/\\\/fivclinic.es\\\/fr\\\/devenir-femme-a-quel-age-par-m-eduard-gratacos\\\/\",\"url\":\"https:\\\/\\\/fivclinic.es\\\/fr\\\/devenir-femme-a-quel-age-par-m-eduard-gratacos\\\/\",\"name\":\"\u00ab Devenir femme \u00e0 quel \u00e2ge\u00bb, par M. Eduard Gratac\u00f3s - fivcl\u00ednic | barnacl\u00ednic+\",\"isPartOf\":{\"@id\":\"https:\\\/\\\/fivclinic.es\\\/fr\\\/#website\"},\"primaryImageOfPage\":{\"@id\":\"https:\\\/\\\/fivclinic.es\\\/fr\\\/devenir-femme-a-quel-age-par-m-eduard-gratacos\\\/#primaryimage\"},\"image\":{\"@id\":\"https:\\\/\\\/fivclinic.es\\\/fr\\\/devenir-femme-a-quel-age-par-m-eduard-gratacos\\\/#primaryimage\"},\"thumbnailUrl\":\"https:\\\/\\\/fivclinic.es\\\/wp-content\\\/uploads\\\/2021\\\/11\\\/image-1-3.png\",\"datePublished\":\"2019-08-05T08:30:52+00:00\",\"dateModified\":\"2024-08-23T14:37:36+00:00\",\"breadcrumb\":{\"@id\":\"https:\\\/\\\/fivclinic.es\\\/fr\\\/devenir-femme-a-quel-age-par-m-eduard-gratacos\\\/#breadcrumb\"},\"inLanguage\":\"fr-FR\",\"potentialAction\":[{\"@type\":\"ReadAction\",\"target\":[\"https:\\\/\\\/fivclinic.es\\\/fr\\\/devenir-femme-a-quel-age-par-m-eduard-gratacos\\\/\"]}]},{\"@type\":\"ImageObject\",\"inLanguage\":\"fr-FR\",\"@id\":\"https:\\\/\\\/fivclinic.es\\\/fr\\\/devenir-femme-a-quel-age-par-m-eduard-gratacos\\\/#primaryimage\",\"url\":\"https:\\\/\\\/fivclinic.es\\\/wp-content\\\/uploads\\\/2021\\\/11\\\/image-1-3.png\",\"contentUrl\":\"https:\\\/\\\/fivclinic.es\\\/wp-content\\\/uploads\\\/2021\\\/11\\\/image-1-3.png\",\"width\":446,\"height\":530},{\"@type\":\"BreadcrumbList\",\"@id\":\"https:\\\/\\\/fivclinic.es\\\/fr\\\/devenir-femme-a-quel-age-par-m-eduard-gratacos\\\/#breadcrumb\",\"itemListElement\":[{\"@type\":\"ListItem\",\"position\":1,\"name\":\"Portada\",\"item\":\"https:\\\/\\\/fivclinic.es\\\/fr\\\/\"},{\"@type\":\"ListItem\",\"position\":2,\"name\":\"\u00ab Devenir femme \u00e0 quel \u00e2ge\u00bb, par M. Eduard Gratac\u00f3s\"}]},{\"@type\":\"WebSite\",\"@id\":\"https:\\\/\\\/fivclinic.es\\\/fr\\\/#website\",\"url\":\"https:\\\/\\\/fivclinic.es\\\/fr\\\/\",\"name\":\"Oftalmol\u00f3gica | Barnacl\u00ednic\",\"description\":\"FIVcl\u00ednic, la Cl\u00ednica de Reproducci\u00f3n Asistida del Cl\u00ednic Barcelona y barnacl\u00ednic+. Los mejores tratamientos en Fecundaci\u00f3n in Vitro, en el centro de Barcelona.\",\"publisher\":{\"@id\":\"https:\\\/\\\/fivclinic.es\\\/fr\\\/#organization\"},\"potentialAction\":[{\"@type\":\"SearchAction\",\"target\":{\"@type\":\"EntryPoint\",\"urlTemplate\":\"https:\\\/\\\/fivclinic.es\\\/fr\\\/?s={search_term_string}\"},\"query-input\":{\"@type\":\"PropertyValueSpecification\",\"valueRequired\":true,\"valueName\":\"search_term_string\"}}],\"inLanguage\":\"fr-FR\"},{\"@type\":\"Organization\",\"@id\":\"https:\\\/\\\/fivclinic.es\\\/fr\\\/#organization\",\"name\":\"Oftalmol\u00f3gica | Barnacl\u00ednic\",\"url\":\"https:\\\/\\\/fivclinic.es\\\/fr\\\/\",\"logo\":{\"@type\":\"ImageObject\",\"inLanguage\":\"fr-FR\",\"@id\":\"https:\\\/\\\/fivclinic.es\\\/fr\\\/#\\\/schema\\\/logo\\\/image\\\/\",\"url\":\"https:\\\/\\\/odontologiabarnaclinic.clinic.antaviana.net\\\/wp-content\\\/uploads\\\/2024\\\/02\\\/logo-oftalmologia-clinic.png\",\"contentUrl\":\"https:\\\/\\\/odontologiabarnaclinic.clinic.antaviana.net\\\/wp-content\\\/uploads\\\/2024\\\/02\\\/logo-oftalmologia-clinic.png\",\"width\":169,\"height\":38,\"caption\":\"Oftalmol\u00f3gica | Barnacl\u00ednic\"},\"image\":{\"@id\":\"https:\\\/\\\/fivclinic.es\\\/fr\\\/#\\\/schema\\\/logo\\\/image\\\/\"}},{\"@type\":\"Person\",\"@id\":\"https:\\\/\\\/fivclinic.es\\\/fr\\\/#\\\/schema\\\/person\\\/2eb955a187e138d5f5c87cca23469c77\",\"name\":\"lai.amoros\",\"sameAs\":[\"http:\\\/\\\/antaviana\"],\"url\":\"https:\\\/\\\/fivclinic.es\\\/fr\\\/author\\\/lai-amoros\\\/\"}]}<\/script>\n<!-- \/ Yoast SEO plugin. -->","yoast_head_json":{"title":"\u00ab Devenir femme \u00e0 quel \u00e2ge\u00bb, par M. Eduard Gratac\u00f3s - fivcl\u00ednic | barnacl\u00ednic+","robots":{"index":"index","follow":"follow","max-snippet":"max-snippet:-1","max-image-preview":"max-image-preview:large","max-video-preview":"max-video-preview:-1"},"canonical":"https:\/\/fivclinic.es\/fr\/devenir-femme-a-quel-age-par-m-eduard-gratacos\/","og_locale":"fr_FR","og_type":"article","og_title":"\u00ab Devenir femme \u00e0 quel \u00e2ge\u00bb, par M. Eduard Gratac\u00f3s - fivcl\u00ednic | barnacl\u00ednic+","og_description":"\u00a0Il est possible de devenir m\u00e8re \u00e0 des moments tr\u00e8s diff\u00e9rents de la vie, mais est-ce qu\u2019il y a un moment id\u00e9al ? En moyenne, l\u2019\u00e2ge pour avoir le premier enfant a augment\u00e9 avec le temps. Cela arrive \u00e0 pratiquement tout le monde, mais sp\u00e9cialement au sud de l\u2019Europe et, bien \u00e9videmment, en Espagne. Les&hellip; Poursuivre la lecture \u00ab Devenir femme \u00e0 quel \u00e2ge\u00bb, par M. Eduard Gratac\u00f3s","og_url":"https:\/\/fivclinic.es\/fr\/devenir-femme-a-quel-age-par-m-eduard-gratacos\/","og_site_name":"fivcl\u00ednic | barnacl\u00ednic+","article_published_time":"2019-08-05T08:30:52+00:00","article_modified_time":"2024-08-23T14:37:36+00:00","og_image":[{"width":446,"height":530,"url":"https:\/\/fivclinic.es\/wp-content\/uploads\/2021\/11\/image-1-3.png","type":"image\/png"}],"author":"lai.amoros","twitter_card":"summary_large_image","twitter_misc":{"\u00c9crit par":"lai.amoros","Dur\u00e9e de lecture estim\u00e9e":"4 minutes"},"schema":{"@context":"https:\/\/schema.org","@graph":[{"@type":"Article","@id":"https:\/\/fivclinic.es\/fr\/devenir-femme-a-quel-age-par-m-eduard-gratacos\/#article","isPartOf":{"@id":"https:\/\/fivclinic.es\/fr\/devenir-femme-a-quel-age-par-m-eduard-gratacos\/"},"author":{"name":"lai.amoros","@id":"https:\/\/fivclinic.es\/fr\/#\/schema\/person\/2eb955a187e138d5f5c87cca23469c77"},"headline":"\u00ab Devenir femme \u00e0 quel \u00e2ge\u00bb, par M. Eduard Gratac\u00f3s","datePublished":"2019-08-05T08:30:52+00:00","dateModified":"2024-08-23T14:37:36+00:00","mainEntityOfPage":{"@id":"https:\/\/fivclinic.es\/fr\/devenir-femme-a-quel-age-par-m-eduard-gratacos\/"},"wordCount":702,"commentCount":0,"publisher":{"@id":"https:\/\/fivclinic.es\/fr\/#organization"},"image":{"@id":"https:\/\/fivclinic.es\/fr\/devenir-femme-a-quel-age-par-m-eduard-gratacos\/#primaryimage"},"thumbnailUrl":"https:\/\/fivclinic.es\/wp-content\/uploads\/2021\/11\/image-1-3.png","articleSection":["Sin categorizar"],"inLanguage":"fr-FR","potentialAction":[{"@type":"CommentAction","name":"Comment","target":["https:\/\/fivclinic.es\/fr\/devenir-femme-a-quel-age-par-m-eduard-gratacos\/#respond"]}]},{"@type":"WebPage","@id":"https:\/\/fivclinic.es\/fr\/devenir-femme-a-quel-age-par-m-eduard-gratacos\/","url":"https:\/\/fivclinic.es\/fr\/devenir-femme-a-quel-age-par-m-eduard-gratacos\/","name":"\u00ab Devenir femme \u00e0 quel \u00e2ge\u00bb, par M. Eduard Gratac\u00f3s - fivcl\u00ednic | barnacl\u00ednic+","isPartOf":{"@id":"https:\/\/fivclinic.es\/fr\/#website"},"primaryImageOfPage":{"@id":"https:\/\/fivclinic.es\/fr\/devenir-femme-a-quel-age-par-m-eduard-gratacos\/#primaryimage"},"image":{"@id":"https:\/\/fivclinic.es\/fr\/devenir-femme-a-quel-age-par-m-eduard-gratacos\/#primaryimage"},"thumbnailUrl":"https:\/\/fivclinic.es\/wp-content\/uploads\/2021\/11\/image-1-3.png","datePublished":"2019-08-05T08:30:52+00:00","dateModified":"2024-08-23T14:37:36+00:00","breadcrumb":{"@id":"https:\/\/fivclinic.es\/fr\/devenir-femme-a-quel-age-par-m-eduard-gratacos\/#breadcrumb"},"inLanguage":"fr-FR","potentialAction":[{"@type":"ReadAction","target":["https:\/\/fivclinic.es\/fr\/devenir-femme-a-quel-age-par-m-eduard-gratacos\/"]}]},{"@type":"ImageObject","inLanguage":"fr-FR","@id":"https:\/\/fivclinic.es\/fr\/devenir-femme-a-quel-age-par-m-eduard-gratacos\/#primaryimage","url":"https:\/\/fivclinic.es\/wp-content\/uploads\/2021\/11\/image-1-3.png","contentUrl":"https:\/\/fivclinic.es\/wp-content\/uploads\/2021\/11\/image-1-3.png","width":446,"height":530},{"@type":"BreadcrumbList","@id":"https:\/\/fivclinic.es\/fr\/devenir-femme-a-quel-age-par-m-eduard-gratacos\/#breadcrumb","itemListElement":[{"@type":"ListItem","position":1,"name":"Portada","item":"https:\/\/fivclinic.es\/fr\/"},{"@type":"ListItem","position":2,"name":"\u00ab Devenir femme \u00e0 quel \u00e2ge\u00bb, par M. Eduard Gratac\u00f3s"}]},{"@type":"WebSite","@id":"https:\/\/fivclinic.es\/fr\/#website","url":"https:\/\/fivclinic.es\/fr\/","name":"Oftalmol\u00f3gica | Barnacl\u00ednic","description":"FIVcl\u00ednic, la Cl\u00ednica de Reproducci\u00f3n Asistida del Cl\u00ednic Barcelona y barnacl\u00ednic+. Los mejores tratamientos en Fecundaci\u00f3n in Vitro, en el centro de Barcelona.","publisher":{"@id":"https:\/\/fivclinic.es\/fr\/#organization"},"potentialAction":[{"@type":"SearchAction","target":{"@type":"EntryPoint","urlTemplate":"https:\/\/fivclinic.es\/fr\/?s={search_term_string}"},"query-input":{"@type":"PropertyValueSpecification","valueRequired":true,"valueName":"search_term_string"}}],"inLanguage":"fr-FR"},{"@type":"Organization","@id":"https:\/\/fivclinic.es\/fr\/#organization","name":"Oftalmol\u00f3gica | Barnacl\u00ednic","url":"https:\/\/fivclinic.es\/fr\/","logo":{"@type":"ImageObject","inLanguage":"fr-FR","@id":"https:\/\/fivclinic.es\/fr\/#\/schema\/logo\/image\/","url":"https:\/\/odontologiabarnaclinic.clinic.antaviana.net\/wp-content\/uploads\/2024\/02\/logo-oftalmologia-clinic.png","contentUrl":"https:\/\/odontologiabarnaclinic.clinic.antaviana.net\/wp-content\/uploads\/2024\/02\/logo-oftalmologia-clinic.png","width":169,"height":38,"caption":"Oftalmol\u00f3gica | Barnacl\u00ednic"},"image":{"@id":"https:\/\/fivclinic.es\/fr\/#\/schema\/logo\/image\/"}},{"@type":"Person","@id":"https:\/\/fivclinic.es\/fr\/#\/schema\/person\/2eb955a187e138d5f5c87cca23469c77","name":"lai.amoros","sameAs":["http:\/\/antaviana"],"url":"https:\/\/fivclinic.es\/fr\/author\/lai-amoros\/"}]}},"_links":{"self":[{"href":"https:\/\/fivclinic.es\/fr\/wp-json\/wp\/v2\/posts\/13410","targetHints":{"allow":["GET"]}}],"collection":[{"href":"https:\/\/fivclinic.es\/fr\/wp-json\/wp\/v2\/posts"}],"about":[{"href":"https:\/\/fivclinic.es\/fr\/wp-json\/wp\/v2\/types\/post"}],"author":[{"embeddable":true,"href":"https:\/\/fivclinic.es\/fr\/wp-json\/wp\/v2\/users\/3"}],"replies":[{"embeddable":true,"href":"https:\/\/fivclinic.es\/fr\/wp-json\/wp\/v2\/comments?post=13410"}],"version-history":[{"count":1,"href":"https:\/\/fivclinic.es\/fr\/wp-json\/wp\/v2\/posts\/13410\/revisions"}],"predecessor-version":[{"id":13628,"href":"https:\/\/fivclinic.es\/fr\/wp-json\/wp\/v2\/posts\/13410\/revisions\/13628"}],"wp:featuredmedia":[{"embeddable":true,"href":"https:\/\/fivclinic.es\/fr\/wp-json\/wp\/v2\/media\/2358"}],"wp:attachment":[{"href":"https:\/\/fivclinic.es\/fr\/wp-json\/wp\/v2\/media?parent=13410"}],"wp:term":[{"taxonomy":"category","embeddable":true,"href":"https:\/\/fivclinic.es\/fr\/wp-json\/wp\/v2\/categories?post=13410"},{"taxonomy":"post_tag","embeddable":true,"href":"https:\/\/fivclinic.es\/fr\/wp-json\/wp\/v2\/tags?post=13410"},{"taxonomy":"autores","embeddable":true,"href":"https:\/\/fivclinic.es\/fr\/wp-json\/wp\/v2\/autores?post=13410"},{"taxonomy":"tipo_de_blog","embeddable":true,"href":"https:\/\/fivclinic.es\/fr\/wp-json\/wp\/v2\/tipo_de_blog?post=13410"}],"curies":[{"name":"wp","href":"https:\/\/api.w.org\/{rel}","templated":true}]}}